{"id":11433,"date":"2025-11-15T16:15:35","date_gmt":"2025-11-15T15:15:35","guid":{"rendered":"https:\/\/parafiabesko.pl\/?p=11433"},"modified":"2025-11-15T16:15:35","modified_gmt":"2025-11-15T15:15:35","slug":"ogloszenia-parafialne-33-niedziela-zwykla-16-11-2025r","status":"publish","type":"post","link":"https:\/\/parafiabesko.pl\/?p=11433","title":{"rendered":"Og\u0142oszenia parafialne 33 Niedziela zwyk\u0142a 16.11.2025r."},"content":{"rendered":"\n<p>1. Nabo\u017ce\u0144stwo wypominkowe codziennie po Mszy \u015bw. wieczorowej.<\/p>\n\n\n\n<p>2. Za tydzie\u0144 Uroczysto\u015b\u0107 Chrystusa Kr\u00f3la \u2013 ostatnia niedziela roku liturgicznego<a><\/a>. W kaplicy si\u00f3str felicjanek od godziny 8.00 do 15.00 adoracja Naj\u015bwi\u0119tszego Sakramentu. Siostry zapraszaj\u0105 na wsp\u00f3ln\u0105 modlitw\u0119.<\/p>\n\n\n\n<p>3. Taca z dzisiejszej niedzieli przeznaczona na pomoc dla ksi\u0119\u017cy emeryt\u00f3w oraz dla domu Ksi\u0119\u017cy Emeryt\u00f3w \u2013 EMAUS.<\/p>\n\n\n\n<p>4. W czwartek po wieczorowej Mszy \u015bw. spotkanie Akcji Katolickiej.<\/p>\n","protected":false},"excerpt":{"rendered":"<p>1. Nabo\u017ce\u0144stwo wypominkowe codziennie po Mszy \u015bw. wieczorowej. 2. Za tydzie\u0144 Uroczysto\u015b\u0107 Chrystusa Kr\u00f3la \u2013 ostatnia niedziela roku liturgicznego. W kaplicy si\u00f3str felicjanek od godziny 8.00 do 15.00 adoracja Naj\u015bwi\u0119tszego Sakramentu. Siostry zapraszaj\u0105 na wsp\u00f3ln\u0105 modlitw\u0119. 3. Taca z dzisiejszej niedzieli przeznaczona na pomoc dla ksi\u0119\u017cy emeryt\u00f3w oraz dla domu<span class=\"more-link\"><a href=\"https:\/\/parafiabesko.pl\/?p=11433\">Czytaj wi\u0119cej<\/a><\/span><\/p>\n","protected":false},"author":1,"featured_media":0,"comment_status":"closed","ping_status":"","sticky":false,"template":"","format":"standard","meta":{"footnotes":""},"categories":[7],"tags":[],"class_list":["entry","author-adminparafiibesko","post-11433","post","type-post","status-publish","format-standard","category-ogloszenia-parafialne"],"_links":{"self":[{"href":"https:\/\/parafiabesko.pl\/index.php?rest_route=\/wp\/v2\/posts\/11433","targetHints":{"allow":["GET"]}}],"collection":[{"href":"https:\/\/parafiabesko.pl\/index.php?rest_route=\/wp\/v2\/posts"}],"about":[{"href":"https:\/\/parafiabesko.pl\/index.php?rest_route=\/wp\/v2\/types\/post"}],"author":[{"embeddable":true,"href":"https:\/\/parafiabesko.pl\/index.php?rest_route=\/wp\/v2\/users\/1"}],"replies":[{"embeddable":true,"href":"https:\/\/parafiabesko.pl\/index.php?rest_route=%2Fwp%2Fv2%2Fcomments&post=11433"}],"version-history":[{"count":1,"href":"https:\/\/parafiabesko.pl\/index.php?rest_route=\/wp\/v2\/posts\/11433\/revisions"}],"predecessor-version":[{"id":11434,"href":"https:\/\/parafiabesko.pl\/index.php?rest_route=\/wp\/v2\/posts\/11433\/revisions\/11434"}],"wp:attachment":[{"href":"https:\/\/parafiabesko.pl\/index.php?rest_route=%2Fwp%2Fv2%2Fmedia&parent=11433"}],"wp:term":[{"taxonomy":"category","embeddable":true,"href":"https:\/\/parafiabesko.pl\/index.php?rest_route=%2Fwp%2Fv2%2Fcategories&post=11433"},{"taxonomy":"post_tag","embeddable":true,"href":"https:\/\/parafiabesko.pl\/index.php?rest_route=%2Fwp%2Fv2%2Ftags&post=11433"}],"curies":[{"name":"wp","href":"https:\/\/api.w.org\/{rel}","templated":true}]}}