{"id":1143,"date":"2013-09-01T06:15:14","date_gmt":"2013-09-01T06:15:14","guid":{"rendered":"http:\/\/parafiabesko.pl\/?p=1143"},"modified":"2013-09-01T06:15:14","modified_gmt":"2013-09-01T06:15:14","slug":"ogloszenia-01-09-2013","status":"publish","type":"post","link":"https:\/\/parafiabesko.pl\/?p=1143","title":{"rendered":"Og\u0142oszenia 01.09.2013"},"content":{"rendered":"<p style=\"text-align: justify;\">\n\t1. Taca z dzisiejszej niedzieli przeznaczona jest na Wy\u017csze Seminarium Duchowne w Przemy\u015blu.\n<\/p>\n<p>\n\t<!--more-->\n<\/p>\n<p style=\"text-align: justify;\">\n\t2. Dzisiaj Niedziela Adoracyjna Od godziny 12.00 &#8211; 16.00 prywatna adoracja rodzin. O godzinie 16.00 Nabo\u017ce\u0144stwo r&oacute;\u017ca\u0144cowe i zmiana tajemnic r&oacute;\u017ca\u0144cowych. adoruje r&oacute;\u017ca&nbsp; Heleny Kuzian.\n<\/p>\n<p style=\"text-align: justify;\">\n\t3. Dzisiaj po Mszach \u015bw. zg\u0142aszanie dzieci do Chrztu \u015bw. na przysz\u0142\u0105 niedziel\u0119 na sumie. Konferencja dla rodzic&oacute;w i chrzestnych we czwartek o godz.17.00.\n<\/p>\n<p style=\"text-align: justify;\">\n\t4. Jutro w poniedzia\u0142ek 2 wrze\u015bnia. <strong>o godz. 8.00 w ko\u015bciele w Besku &#8211;<\/strong> <strong>Msza \u015bw. na rozpocz\u0119cie nowego roku szkolnego i katechetycznego<\/strong>. Zapraszamy serdecznie dzieci, m\u0142odzie\u017c, rodzic&oacute;w, nauczycieli i wychowawc&oacute;w na wsp&oacute;ln\u0105 modlitw\u0119.\n<\/p>\n<p style=\"text-align: justify;\">\n\t5.&nbsp; Jutro rozpocz\u0119cie roku szkolnego w Mymoniu o godz. 9.00 w szkole, a Msza \u015bw. na rozpocz\u0119cie roku szkolnego i katechetycznego w Mymoniu o godz. 10.00.\n<\/p>\n<p style=\"text-align: justify;\">\n\t6.. We wtorek o godz. 18.00 nabo\u017ce\u0144stwo do Bo\u017cego Mi\u0142osierdzia.\n<\/p>\n<p style=\"text-align: justify;\">\n\t7. W \u015brod\u0119 o godz. 18.00 Nowenna do Matki Bo\u017cej Nieustaj\u0105cej Pomocy.\n<\/p>\n<p style=\"text-align: justify;\">\n\t8. Pierwszy czwartek miesi\u0105ca o godzinie 18.00 Godzina \u015bwi\u0119ta.\n<\/p>\n<p style=\"text-align: justify;\">\n\t9. Pierwszy pi\u0105tek miesi\u0105ca, rano o godz. 7.00 Msza \u015bw. i adoracja, adoruje r&oacute;\u017ca Folcik Heleny. Po po\u0142udniu o godz. 18.00 Msza \u015bw. i adoracja. W ko\u015bcio\u0142ach filialnych &nbsp;Mymoniu i Por\u0119bach o godz. 15.30- adoracja, spowied\u017a i Msza \u015bw.\n<\/p>\n<p style=\"text-align: justify;\">\n\t10. Pierwsza sobota miesi\u0105ca, rano o godzinie 7.00 Msza \u015bwi\u0119ta i Nabo\u017ce\u0144stwo do Matki Bo\u017cej, adoruje r&oacute;\u017ca Janiny Suwa\u0142a, <strong>wieczorem o godzinie 20.00 wiecz&oacute;r fatimski.<\/strong>\n<\/p>\n<p style=\"text-align: justify;\">\n\t11. Dzi\u0119kujemy parafianom za z\u0142o\u017cenie ofiar na witra\u017ce w miesi\u0105cu sierpniu 2013 roku. B&oacute;g zap\u0142a\u0107!<\/p>\n","protected":false},"excerpt":{"rendered":"<p>1. Taca z dzisiejszej niedzieli przeznaczona jest na Wy\u017csze Seminarium Duchowne w Przemy\u015blu.<span class=\"more-link\"><a href=\"https:\/\/parafiabesko.pl\/?p=1143\">Czytaj wi\u0119cej<\/a><\/span><\/p>\n","protected":false},"author":1,"featured_media":1059,"comment_status":"closed","ping_status":"open","sticky":false,"template":"","format":"standard","meta":{"footnotes":""},"categories":[7],"tags":[],"class_list":["entry","author-adminparafiibesko","has-more-link","post-1143","post","type-post","status-publish","format-standard","has-post-thumbnail","category-ogloszenia-parafialne"],"_links":{"self":[{"href":"https:\/\/parafiabesko.pl\/index.php?rest_route=\/wp\/v2\/posts\/1143","targetHints":{"allow":["GET"]}}],"collection":[{"href":"https:\/\/parafiabesko.pl\/index.php?rest_route=\/wp\/v2\/posts"}],"about":[{"href":"https:\/\/parafiabesko.pl\/index.php?rest_route=\/wp\/v2\/types\/post"}],"author":[{"embeddable":true,"href":"https:\/\/parafiabesko.pl\/index.php?rest_route=\/wp\/v2\/users\/1"}],"replies":[{"embeddable":true,"href":"https:\/\/parafiabesko.pl\/index.php?rest_route=%2Fwp%2Fv2%2Fcomments&post=1143"}],"version-history":[{"count":0,"href":"https:\/\/parafiabesko.pl\/index.php?rest_route=\/wp\/v2\/posts\/1143\/revisions"}],"wp:featuredmedia":[{"embeddable":true,"href":"https:\/\/parafiabesko.pl\/index.php?rest_route=\/"}],"wp:attachment":[{"href":"https:\/\/parafiabesko.pl\/index.php?rest_route=%2Fwp%2Fv2%2Fmedia&parent=1143"}],"wp:term":[{"taxonomy":"category","embeddable":true,"href":"https:\/\/parafiabesko.pl\/index.php?rest_route=%2Fwp%2Fv2%2Fcategories&post=1143"},{"taxonomy":"post_tag","embeddable":true,"href":"https:\/\/parafiabesko.pl\/index.php?rest_route=%2Fwp%2Fv2%2Ftags&post=1143"}],"curies":[{"name":"wp","href":"https:\/\/api.w.org\/{rel}","templated":true}]}}