{"id":11429,"date":"2025-11-08T15:03:34","date_gmt":"2025-11-08T14:03:34","guid":{"rendered":"https:\/\/parafiabesko.pl\/?p=11429"},"modified":"2025-11-08T15:03:34","modified_gmt":"2025-11-08T14:03:34","slug":"ogloszenia-parafialne-32-niedziela-zwykla-9-11-2025r","status":"publish","type":"post","link":"https:\/\/parafiabesko.pl\/?p=11429","title":{"rendered":"Og\u0142oszenia parafialne 32 Niedziela zwyk\u0142a 9.11.2025r."},"content":{"rendered":"\n<p>1. <strong>We wtorek 11 listopada Narodowe \u015awi\u0119to Niepodleg\u0142o\u015bci. Dzie\u0144 wdzi\u0119czno\u015bci za wielokrotnie odzyskiwan\u0105 niepodleg\u0142o\u015b\u0107.&nbsp; Zapraszamy Parafian na Msz\u0119 \u015bwi\u0119t\u0105 w Besku o godzinie 10.00 a po niej apel poleg\u0142ych i z\u0142o\u017cenie wie\u0144c\u00f3w na cmentarzu parafialnym w Besku, przy obelisku upami\u0119tniaj\u0105cym poleg\u0142ych \u017co\u0142nierzy pierwszej i drugiej wojny \u015bwiatowej.<\/strong><\/p>\n\n\n\n<p>2. We \u015brod\u0119 12 listopada Mszy \u015bw. wieczorowej nie b\u0119dzie ze wzgl\u0119du na kap\u0142a\u0144sk\u0105 kongregacj\u0119 rejonow\u0105 w Sanoku.<\/p>\n\n\n\n<p>3. Nabo\u017ce\u0144stwo wypominkowe codziennie po Mszy \u015bw. wieczorowej.<\/p>\n\n\n\n<p>4. W pi\u0105tek rozpoczyna si\u0119 Nowenna przed Uroczysto\u015bci\u0105 Chrystusa Kr\u00f3la.<\/p>\n","protected":false},"excerpt":{"rendered":"<p>1. We wtorek 11 listopada Narodowe \u015awi\u0119to Niepodleg\u0142o\u015bci. Dzie\u0144 wdzi\u0119czno\u015bci za wielokrotnie odzyskiwan\u0105 niepodleg\u0142o\u015b\u0107.&nbsp; Zapraszamy Parafian na Msz\u0119 \u015bwi\u0119t\u0105 w Besku o godzinie 10.00 a po niej apel poleg\u0142ych i z\u0142o\u017cenie wie\u0144c\u00f3w na cmentarzu parafialnym w Besku, przy obelisku upami\u0119tniaj\u0105cym poleg\u0142ych \u017co\u0142nierzy pierwszej i drugiej wojny \u015bwiatowej. 2. We \u015brod\u0119<span class=\"more-link\"><a href=\"https:\/\/parafiabesko.pl\/?p=11429\">Czytaj wi\u0119cej<\/a><\/span><\/p>\n","protected":false},"author":1,"featured_media":0,"comment_status":"closed","ping_status":"","sticky":false,"template":"","format":"standard","meta":{"footnotes":""},"categories":[7],"tags":[],"class_list":["entry","author-adminparafiibesko","post-11429","post","type-post","status-publish","format-standard","category-ogloszenia-parafialne"],"_links":{"self":[{"href":"https:\/\/parafiabesko.pl\/index.php?rest_route=\/wp\/v2\/posts\/11429","targetHints":{"allow":["GET"]}}],"collection":[{"href":"https:\/\/parafiabesko.pl\/index.php?rest_route=\/wp\/v2\/posts"}],"about":[{"href":"https:\/\/parafiabesko.pl\/index.php?rest_route=\/wp\/v2\/types\/post"}],"author":[{"embeddable":true,"href":"https:\/\/parafiabesko.pl\/index.php?rest_route=\/wp\/v2\/users\/1"}],"replies":[{"embeddable":true,"href":"https:\/\/parafiabesko.pl\/index.php?rest_route=%2Fwp%2Fv2%2Fcomments&post=11429"}],"version-history":[{"count":1,"href":"https:\/\/parafiabesko.pl\/index.php?rest_route=\/wp\/v2\/posts\/11429\/revisions"}],"predecessor-version":[{"id":11430,"href":"https:\/\/parafiabesko.pl\/index.php?rest_route=\/wp\/v2\/posts\/11429\/revisions\/11430"}],"wp:attachment":[{"href":"https:\/\/parafiabesko.pl\/index.php?rest_route=%2Fwp%2Fv2%2Fmedia&parent=11429"}],"wp:term":[{"taxonomy":"category","embeddable":true,"href":"https:\/\/parafiabesko.pl\/index.php?rest_route=%2Fwp%2Fv2%2Fcategories&post=11429"},{"taxonomy":"post_tag","embeddable":true,"href":"https:\/\/parafiabesko.pl\/index.php?rest_route=%2Fwp%2Fv2%2Ftags&post=11429"}],"curies":[{"name":"wp","href":"https:\/\/api.w.org\/{rel}","templated":true}]}}