{"id":11422,"date":"2025-11-01T19:40:47","date_gmt":"2025-11-01T18:40:47","guid":{"rendered":"https:\/\/parafiabesko.pl\/?p=11422"},"modified":"2025-11-07T15:57:24","modified_gmt":"2025-11-07T14:57:24","slug":"ogloszenia-parafialne-31-niedziela-zwykla-2-11-2025r","status":"publish","type":"post","link":"https:\/\/parafiabesko.pl\/?p=11422","title":{"rendered":"Og\u0142oszenia parafialne 31 Niedziela zwyk\u0142a 2.11.2025r."},"content":{"rendered":"\n<p>1. Dzisiaj <strong>2 listopada przypada Wspomnienie Wszystkich Wiernych Zmar\u0142ych&nbsp; &#8211; Dzie\u0144 Zaduszny. W naszej Parafii Niedziela Adoracyjna. <\/strong>&nbsp;od godz. 12.00 do 16.00 prywatna adoracja rodzin naszej Parafii. O godz. 16.00 nabo\u017ce\u0144stwo r\u00f3\u017ca\u0144cowe i zmiana tajemnic, adoruje r\u00f3\u017ca MB Kr\u00f3lowej Polski prze\u0142o\u017cona Krystyna Szajna i Msza \u015bw.<\/p>\n\n\n\n<p>2. Taca z dzisiejszej niedzieli przeznaczona jest na potrzeby Archidiecezji.<\/p>\n\n\n\n<p>3. Nabo\u017ce\u0144stwo wypominkowe codziennie po Mszy \u015bw. wieczorowej.<\/p>\n\n\n\n<p>4. Pierwszy pi\u0105tek miesi\u0105ca o godz. 7.00 Msza \u015bw. i nabo\u017ce\u0144stwo do NSPJ, adoruje r\u00f3\u017ca Matki Ko\u015bcio\u0142a prze\u0142o\u017cona Ewa Wais.. Wieczorem o godz. 17.00 Msza \u015bw. i nabo\u017ce\u0144stwo wypominkowe. Chorych w Besku b\u0119dziemy odwiedza\u0107 od godz. 8.00. W ko\u015bcio\u0142ach filialnych o godz. 15.00 spowied\u017a, adoracja i Msza \u015bw.<\/p>\n\n\n\n<p>5. Na chrzcielnicy s\u0105 wy\u0142o\u017cone kartki wypominkowe\u00a0 na kt\u00f3rych wpisujemy rodzin\u0119, kt\u00f3ra imienne poleca swoich bliskich zmar\u0142ych. W miesi\u0105cu listopadzie\u00a0 modlimy si\u0119 w \u015bwi\u0105tyni za tych zmar\u0142ych w modlitwie wypominkowej. Wype\u0142nione kartki wypominkowe sk\u0142adamy u ksi\u0119\u017cy wikariuszy.<\/p>\n\n\n\n<p>6. <strong><u>Og\u0142oszenie grzeczno\u015bciowe<\/u><\/strong>\u00a0 Zwracamy si\u0119 do Parafian z serdeczn\u0105 pro\u015bb\u0105, aby, gdy przyjdzie czas usuni\u0119cia z grob\u00f3w \u017cywych kwiat\u00f3w po uschni\u0119ciu, to bardzo prosimy oddzieli\u0107 cz\u0119\u015bci plastikowe jak: doniczka, folia czy szarf i wrzuci\u0107 do kontenera na to przeznaczonego, natomiast cz\u0119\u015bci organiczne, jak zwi\u0119d\u0142e kwiaty wraz z korzeniami i ziemi\u0105 z\u0142o\u017cy\u0107 za kontenerami. U\u0142atwi to prac\u0119 i oszcz\u0119dzi koszty usuwania odpad\u00f3w z cmentarza. Za zrozumienie i zastosowanie si\u0119 do tej pro\u015bby serdecznie dzi\u0119kujemy.<\/p>\n","protected":false},"excerpt":{"rendered":"<p>1. Dzisiaj 2 listopada przypada Wspomnienie Wszystkich Wiernych Zmar\u0142ych&nbsp; &#8211; Dzie\u0144 Zaduszny. W naszej Parafii Niedziela Adoracyjna. &nbsp;od godz. 12.00 do 16.00 prywatna adoracja rodzin naszej Parafii. O godz. 16.00 nabo\u017ce\u0144stwo r\u00f3\u017ca\u0144cowe i zmiana tajemnic, adoruje r\u00f3\u017ca MB Kr\u00f3lowej Polski prze\u0142o\u017cona Krystyna Szajna i Msza \u015bw. 2. Taca z dzisiejszej<span class=\"more-link\"><a href=\"https:\/\/parafiabesko.pl\/?p=11422\">Czytaj wi\u0119cej<\/a><\/span><\/p>\n","protected":false},"author":1,"featured_media":0,"comment_status":"closed","ping_status":"","sticky":false,"template":"","format":"standard","meta":{"footnotes":""},"categories":[7],"tags":[],"class_list":["entry","author-adminparafiibesko","post-11422","post","type-post","status-publish","format-standard","category-ogloszenia-parafialne"],"_links":{"self":[{"href":"https:\/\/parafiabesko.pl\/index.php?rest_route=\/wp\/v2\/posts\/11422","targetHints":{"allow":["GET"]}}],"collection":[{"href":"https:\/\/parafiabesko.pl\/index.php?rest_route=\/wp\/v2\/posts"}],"about":[{"href":"https:\/\/parafiabesko.pl\/index.php?rest_route=\/wp\/v2\/types\/post"}],"author":[{"embeddable":true,"href":"https:\/\/parafiabesko.pl\/index.php?rest_route=\/wp\/v2\/users\/1"}],"replies":[{"embeddable":true,"href":"https:\/\/parafiabesko.pl\/index.php?rest_route=%2Fwp%2Fv2%2Fcomments&post=11422"}],"version-history":[{"count":3,"href":"https:\/\/parafiabesko.pl\/index.php?rest_route=\/wp\/v2\/posts\/11422\/revisions"}],"predecessor-version":[{"id":11425,"href":"https:\/\/parafiabesko.pl\/index.php?rest_route=\/wp\/v2\/posts\/11422\/revisions\/11425"}],"wp:attachment":[{"href":"https:\/\/parafiabesko.pl\/index.php?rest_route=%2Fwp%2Fv2%2Fmedia&parent=11422"}],"wp:term":[{"taxonomy":"category","embeddable":true,"href":"https:\/\/parafiabesko.pl\/index.php?rest_route=%2Fwp%2Fv2%2Fcategories&post=11422"},{"taxonomy":"post_tag","embeddable":true,"href":"https:\/\/parafiabesko.pl\/index.php?rest_route=%2Fwp%2Fv2%2Ftags&post=11422"}],"curies":[{"name":"wp","href":"https:\/\/api.w.org\/{rel}","templated":true}]}}