{"id":11416,"date":"2025-10-25T15:32:36","date_gmt":"2025-10-25T13:32:36","guid":{"rendered":"https:\/\/parafiabesko.pl\/?p=11416"},"modified":"2025-10-26T20:17:54","modified_gmt":"2025-10-26T19:17:54","slug":"ogloszenia-parafialne-30-niedziela-zwykla-26-10-2025r","status":"publish","type":"post","link":"https:\/\/parafiabesko.pl\/?p=11416","title":{"rendered":"Og\u0142oszenia parafialne 30 Niedziela zwyk\u0142a 26.10.2025r."},"content":{"rendered":"\n<p>1. Dzisiaj po Mszach \u015bwi\u0119tych mo\u017cna naby\u0107 kartki wypominkowe\u00a0 na kt\u00f3rych wpisujemy rodzin\u0119, kt\u00f3ra imienne poleca swoich bliskich zmar\u0142ych. W miesi\u0105cu listopadzie b\u0119dziemy w \u015bwi\u0105tyni wspomina\u0107 tych zmar\u0142ych w modlitwie wypominkowej. Za zmar\u0142ych polecanych w \u201eWypominkach\u201d zostan\u0105 odprawione w Besku 4 Msze \u015bw. w ko\u015bcio\u0142ach filialnych po 1 Mszy \u015bw. Wype\u0142nione kartki wypominkowe sk\u0142adamy u ksi\u0119\u017cy wikariuszy. W ko\u015bcio\u0142ach filialnych nabo\u017ce\u0144stwo wypominkowe po niedzielnych Mszach \u015bwi\u0119tych.<\/p>\n\n\n\n<p>2. W pi\u0105tek zako\u0144czenie nabo\u017ce\u0144stw pa\u017adziernikowych.<\/p>\n\n\n\n<p>3. W naszej Parafii spowied\u017a przed <strong>\u015awi\u0119tem Zmar\u0142ych <\/strong>b\u0119dzie w dniach:<\/p>\n\n\n\n<p>&#8211; <strong>Por\u0119by<\/strong>&nbsp; czwartek o godz. 15.00 &#8211; spowiada trzech ksi\u0119\u017cy<\/p>\n\n\n\n<p>&#8211; <strong>Besko<\/strong> od godz. 16.00<\/p>\n\n\n\n<p>&#8211; <strong>Mymo\u0144<\/strong> pi\u0105tek o godz. 15.00 \u2013 spowiada trzech ksi\u0119\u017cy<\/p>\n\n\n\n<p>&#8211; <strong>Besko<\/strong> od godz. 16.00<\/p>\n\n\n\n<p>Zach\u0119camy, aby Parafianie skorzystali ze spowiedzi \u015bwi\u0119tej, a dary duchowe jak; Komunia \u015bwi\u0119ta i odpusty ofiarowali za zmar\u0142ych.<\/p>\n\n\n\n<p>4. W sobot\u0119 <strong>1 listopada przypada Uroczysto\u015b\u0107 Wszystkich \u015awi\u0119tych<\/strong>.<\/p>\n\n\n\n<p>Porz\u0105dek Mszy \u015bwi\u0119tych:<\/p>\n\n\n\n<p><strong>Besko:<\/strong> 7.30, 9.15, 11.00. Zapraszamy Parafian po po\u0142udniu do ko\u015bcio\u0142a parafialnego na godz. 14.00 na Msz\u0119 \u015bw. za zmar\u0142ych Parafian, a&nbsp; po niej \u017ca\u0142obna procesja na cmentarz.<\/p>\n\n\n\n<p>Ko\u015bcio\u0142y filialne:<\/p>\n\n\n\n<p><strong>Mymo\u0144<\/strong>&nbsp; &#8211; 8.30 Msza \u015bw. i procesja \u017ca\u0142obna na cmentarz, po\u015bwi\u0119cenie nowego krzy\u017ca.<\/p>\n\n\n\n<p><strong>Por\u0119by<\/strong> &#8211; 10.00 Msza \u015bw.<\/p>\n\n\n\n<p>5. Tradycyjne w Uroczysto\u015b\u0107 Wszystkich \u015awi\u0119tych przed cmentarzem parafialnym w Besku zbierane s\u0105 ofiary na PCK w Besku i Fundacj\u0119 \u201eWzrastanie\u201d.<\/p>\n\n\n\n<p>6. Miesi\u0105c listopad, stanowi okazj\u0119 do uzyskania odpustu zupe\u0142nego i ofiarowania go za zmar\u0142ych. Oto okoliczno\u015bci umo\u017cliwiaj\u0105ce uzyskanie odpustu w najbli\u017cszych dniach:<\/p>\n\n\n\n<p>&nbsp;&nbsp; Wierni, kt\u00f3rzy nawiedz\u0105 ko\u015bci\u00f3\u0142, kaplic\u0119 publiczn\u0105, lub p\u00f3\u0142publiczn\u0105 1 listopada od po\u0142udnia i przez ca\u0142y Dzie\u0144 Zaduszny, mog\u0105 dost\u0105pi\u0107 odpustu zupe\u0142nego za zmar\u0142ych. Mo\u017cna go uzyska\u0107 tylko jeden raz w ci\u0105gu dnia. Wierni, kt\u00f3rzy nawiedz\u0105 cmentarz i pomodl\u0105 si\u0119 mog\u0105 uzyska\u0107 odpust za zmar\u0142ych. Odpust jest zupe\u0142ny od 1 do 8 listopada, natomiast w inne dni roku jest cz\u0105stkowy.<\/p>\n\n\n\n<p>7. &nbsp;W przysz\u0142\u0105 niedziel\u0119 &nbsp;<strong>2 listopada przypada Wspomnienie Wszystkich Wiernych Zmar\u0142ych&nbsp; &#8211; Dzie\u0144 Zaduszny. W naszej Parafii Niedziela Adoracyjna. <\/strong>Od godz. 12.00 do 16.00 prywatna adoracja rodzin naszej ParafiiPorz\u0105dek nabo\u017ce\u0144stw:<\/p>\n\n\n\n<p><strong>&nbsp;Besko:<\/strong><\/p>\n\n\n\n<p>&nbsp; 7.30 Msza \u015bw. i adoracja<\/p>\n\n\n\n<p>&nbsp; 9.15 Msza \u015bw. i adoracja<\/p>\n\n\n\n<p>11.00 Msza \u015bw. i adoracja<\/p>\n\n\n\n<p>16.00 Nabo\u017ce\u0144stwo r\u00f3\u017ca\u0144cowe zmiana tajemnic, adoruje r\u00f3\u017ca MB Kr\u00f3lowej Polski prze\u0142o\u017cona Krystyna Szajna i Msza \u015bw.<\/p>\n\n\n\n<p><strong>Ko\u015bcio\u0142y filialne:<\/strong><\/p>\n\n\n\n<p><strong>Mymo\u0144 <\/strong>&#8211; godz.&nbsp;&nbsp; 8.30 Msza \u015bw. i adoracja<\/p>\n\n\n\n<p><strong>Por\u0119by<\/strong> &nbsp;&#8211; godz. 10.00 Msza \u015bw. i adoracja<\/p>\n\n\n\n<p>8. Serdecznie dzi\u0119kujemy za z\u0142o\u017cone ofiary na prace przy naszym ko\u015bciele. B\u00f3g zap\u0142a\u0107!<\/p>\n","protected":false},"excerpt":{"rendered":"<p>1. Dzisiaj po Mszach \u015bwi\u0119tych mo\u017cna naby\u0107 kartki wypominkowe\u00a0 na kt\u00f3rych wpisujemy rodzin\u0119, kt\u00f3ra imienne poleca swoich bliskich zmar\u0142ych. W miesi\u0105cu listopadzie b\u0119dziemy w \u015bwi\u0105tyni wspomina\u0107 tych zmar\u0142ych w modlitwie wypominkowej. Za zmar\u0142ych polecanych w \u201eWypominkach\u201d zostan\u0105 odprawione w Besku 4 Msze \u015bw. w ko\u015bcio\u0142ach filialnych po 1 Mszy \u015bw.<span class=\"more-link\"><a href=\"https:\/\/parafiabesko.pl\/?p=11416\">Czytaj wi\u0119cej<\/a><\/span><\/p>\n","protected":false},"author":1,"featured_media":0,"comment_status":"closed","ping_status":"","sticky":false,"template":"","format":"standard","meta":{"footnotes":""},"categories":[7],"tags":[],"class_list":["entry","author-adminparafiibesko","post-11416","post","type-post","status-publish","format-standard","category-ogloszenia-parafialne"],"_links":{"self":[{"href":"https:\/\/parafiabesko.pl\/index.php?rest_route=\/wp\/v2\/posts\/11416","targetHints":{"allow":["GET"]}}],"collection":[{"href":"https:\/\/parafiabesko.pl\/index.php?rest_route=\/wp\/v2\/posts"}],"about":[{"href":"https:\/\/parafiabesko.pl\/index.php?rest_route=\/wp\/v2\/types\/post"}],"author":[{"embeddable":true,"href":"https:\/\/parafiabesko.pl\/index.php?rest_route=\/wp\/v2\/users\/1"}],"replies":[{"embeddable":true,"href":"https:\/\/parafiabesko.pl\/index.php?rest_route=%2Fwp%2Fv2%2Fcomments&post=11416"}],"version-history":[{"count":2,"href":"https:\/\/parafiabesko.pl\/index.php?rest_route=\/wp\/v2\/posts\/11416\/revisions"}],"predecessor-version":[{"id":11419,"href":"https:\/\/parafiabesko.pl\/index.php?rest_route=\/wp\/v2\/posts\/11416\/revisions\/11419"}],"wp:attachment":[{"href":"https:\/\/parafiabesko.pl\/index.php?rest_route=%2Fwp%2Fv2%2Fmedia&parent=11416"}],"wp:term":[{"taxonomy":"category","embeddable":true,"href":"https:\/\/parafiabesko.pl\/index.php?rest_route=%2Fwp%2Fv2%2Fcategories&post=11416"},{"taxonomy":"post_tag","embeddable":true,"href":"https:\/\/parafiabesko.pl\/index.php?rest_route=%2Fwp%2Fv2%2Ftags&post=11416"}],"curies":[{"name":"wp","href":"https:\/\/api.w.org\/{rel}","templated":true}]}}