{"id":11408,"date":"2025-10-18T15:17:01","date_gmt":"2025-10-18T13:17:01","guid":{"rendered":"https:\/\/parafiabesko.pl\/?p=11408"},"modified":"2025-10-18T15:17:01","modified_gmt":"2025-10-18T13:17:01","slug":"ogloszenia-parafialne-29-niedziela-zwykla-19-10-2025r","status":"publish","type":"post","link":"https:\/\/parafiabesko.pl\/?p=11408","title":{"rendered":"Og\u0142oszenia parafialne 29 Niedziela zwyk\u0142a 19.10.2025r."},"content":{"rendered":"\n<p>1. <strong>Dzisiaj Niedziela Misyjna.<\/strong> Ojciec \u015awi\u0119ty wyja\u015bnia ide\u0119 dnia misyjnego: \u201e\u015awiatowy Dzie\u0144 Misyjny jest uprzywilejowanym momentem, w&nbsp;kt\u00f3rym wierni z&nbsp;r\u00f3\u017cnych kontynent\u00f3w anga\u017cuj\u0105 si\u0119 poprzez modlitwy i&nbsp;konkretne gesty solidarno\u015bci we wspieranie m\u0142odych Ko\u015bcio\u0142\u00f3w na terenach misyjnych\u201d. Papie\u017c nazywa ten dzie\u0144 \u201e\u015bwi\u0119tem \u0142aski i&nbsp;rado\u015bci\u201d. Jak wyja\u015bnia, Duch&nbsp; \u015awi\u0119ty daje m\u0105dro\u015b\u0107 i&nbsp;m\u0119stwo tym, kt\u00f3rzy otwieraj\u0105 si\u0119 na Jego dzia\u0142anie. Z&nbsp;kolei \u015bwiadomo\u015b\u0107, \u017ce Jezus Chrystus wspiera dzie\u0142o misyjne i&nbsp;mu towarzyszy, wype\u0142nia serca g\u0142osz\u0105cych Dobr\u0105 Nowin\u0119 rado\u015bci\u0105. W \u015awiatowy Dzie\u0144 Misyjny w&nbsp;ko\u015bcio\u0142ach na ca\u0142ym \u015bwiecie zbierane s\u0105 ofiary na rzecz m\u0142odych Ko\u015bcio\u0142\u00f3w na terytoriach misyjnych. Papie\u017c zaznacza, \u017ce to okazja, by \u201eo\u017cywi\u0107 pragnienie i&nbsp;obowi\u0105zek moralny radosnego uczestniczenia w&nbsp;misji&nbsp;<em>ad gentes<\/em>\u201d.<\/p>\n\n\n\n<p>2. Taca z dzisiejszej niedzieli przeznaczona jest na pomoc misjom.<\/p>\n\n\n\n<p>3. Nabo\u017ce\u0144stwo r\u00f3\u017ca\u0144cowe w dni powszednie o godz. 17.00. Zach\u0119camy dzieci, m\u0142odzie\u017c i doros\u0142ych do udzia\u0142u w modlitwie r\u00f3\u017ca\u0144cowej. W ko\u015bcio\u0142ach filialnych r\u00f3\u017caniec codziennie w dni powszednie o godz. 17.00, a w niedziele po Mszy \u015bw. prowadz\u0105 r\u00f3\u017ce r\u00f3\u017ca\u0144cowe.<\/p>\n\n\n\n<p>4. Dzisiaj, jak to by\u0142o g\u0142oszone Katolickie Stowarzyszenie M\u0142odzie\u017cy w Besku jak co roku organizuje <strong>\u201eNiedziel\u0119 s\u0142odko\u015bci\u201d<\/strong> po ka\u017cdej Mszy \u015bw. b\u0119dzie rozprowadza\u0107 krem\u00f3wki. Ofiara za dwie krem\u00f3wki i opakowanie \u2013 minimum 15 z\u0142otych. Ofiary zebrane to cegie\u0142ka na funkcjonowanie wsp\u00f3lnoty i wyjazdy m\u0142odzie\u017cy na rekolekcje. Zach\u0119camy Parafian do wsparcia tej inicjatywy.<\/p>\n\n\n\n<p>5. W czwartek po Mszy \u015bw.&nbsp; wieczorowej spotkanie Akcji Katolickiej.<\/p>\n","protected":false},"excerpt":{"rendered":"<p>1. Dzisiaj Niedziela Misyjna. Ojciec \u015awi\u0119ty wyja\u015bnia ide\u0119 dnia misyjnego: \u201e\u015awiatowy Dzie\u0144 Misyjny jest uprzywilejowanym momentem, w&nbsp;kt\u00f3rym wierni z&nbsp;r\u00f3\u017cnych kontynent\u00f3w anga\u017cuj\u0105 si\u0119 poprzez modlitwy i&nbsp;konkretne gesty solidarno\u015bci we wspieranie m\u0142odych Ko\u015bcio\u0142\u00f3w na terenach misyjnych\u201d. Papie\u017c nazywa ten dzie\u0144 \u201e\u015bwi\u0119tem \u0142aski i&nbsp;rado\u015bci\u201d. Jak wyja\u015bnia, Duch&nbsp; \u015awi\u0119ty daje m\u0105dro\u015b\u0107 i&nbsp;m\u0119stwo tym, kt\u00f3rzy<span class=\"more-link\"><a href=\"https:\/\/parafiabesko.pl\/?p=11408\">Czytaj wi\u0119cej<\/a><\/span><\/p>\n","protected":false},"author":1,"featured_media":0,"comment_status":"closed","ping_status":"","sticky":false,"template":"","format":"standard","meta":{"footnotes":""},"categories":[7],"tags":[],"class_list":["entry","author-adminparafiibesko","post-11408","post","type-post","status-publish","format-standard","category-ogloszenia-parafialne"],"_links":{"self":[{"href":"https:\/\/parafiabesko.pl\/index.php?rest_route=\/wp\/v2\/posts\/11408","targetHints":{"allow":["GET"]}}],"collection":[{"href":"https:\/\/parafiabesko.pl\/index.php?rest_route=\/wp\/v2\/posts"}],"about":[{"href":"https:\/\/parafiabesko.pl\/index.php?rest_route=\/wp\/v2\/types\/post"}],"author":[{"embeddable":true,"href":"https:\/\/parafiabesko.pl\/index.php?rest_route=\/wp\/v2\/users\/1"}],"replies":[{"embeddable":true,"href":"https:\/\/parafiabesko.pl\/index.php?rest_route=%2Fwp%2Fv2%2Fcomments&post=11408"}],"version-history":[{"count":1,"href":"https:\/\/parafiabesko.pl\/index.php?rest_route=\/wp\/v2\/posts\/11408\/revisions"}],"predecessor-version":[{"id":11409,"href":"https:\/\/parafiabesko.pl\/index.php?rest_route=\/wp\/v2\/posts\/11408\/revisions\/11409"}],"wp:attachment":[{"href":"https:\/\/parafiabesko.pl\/index.php?rest_route=%2Fwp%2Fv2%2Fmedia&parent=11408"}],"wp:term":[{"taxonomy":"category","embeddable":true,"href":"https:\/\/parafiabesko.pl\/index.php?rest_route=%2Fwp%2Fv2%2Fcategories&post=11408"},{"taxonomy":"post_tag","embeddable":true,"href":"https:\/\/parafiabesko.pl\/index.php?rest_route=%2Fwp%2Fv2%2Ftags&post=11408"}],"curies":[{"name":"wp","href":"https:\/\/api.w.org\/{rel}","templated":true}]}}