{"id":11360,"date":"2025-10-11T18:33:57","date_gmt":"2025-10-11T16:33:57","guid":{"rendered":"https:\/\/parafiabesko.pl\/?p=11360"},"modified":"2025-10-11T18:33:57","modified_gmt":"2025-10-11T16:33:57","slug":"ogloszenia-parafialne-28-niedziela-zwykla-12-10-2025r","status":"publish","type":"post","link":"https:\/\/parafiabesko.pl\/?p=11360","title":{"rendered":"Og\u0142oszenia parafialne 28 Niedziela zwyk\u0142a 12.10.2025r."},"content":{"rendered":"\n<p>1. Dzisiaj obchodzimy XXV Dzie\u0144 Papieski. Has\u0142em tegorocznego Dnia Papieskiego sta\u0142y si\u0119 s\u0142owa&nbsp;,,\u015aw. Jan Pawe\u0142 II. Prorok Nadziei\u201d. W ca\u0142ej Polsce odbywa si\u0119 zbi\u00f3rka po Mszach \u015bw. na \u201e\u017cywy pomnik\u201d Papie\u017ca \u2013 Polaka: stypendia dla zdolnej m\u0142odzie\u017cy z ubogich rodzin. Organizatorem Dnia Papieskiego jest Fundacja \u201eDzie\u0142o Nowego Tysi\u0105clecia\u201d. Od lat Fundacja utrzymuje ok. 2 tys. stypendyst\u00f3w. Wspierani s\u0105 oni od 7 klasy szko\u0142y podstawowej a\u017c do zako\u0144czenia studi\u00f3w Ka\u017cdego roku ok. 200 z nich zdobywa wykszta\u0142cenie i przeprowadzany jest nab\u00f3r 200 &#8211; 250 nowych uczni\u00f3w. W ci\u0105gu 25 lat istnienia Fundacji Dzie\u0142o Nowego Tysi\u0105clecia wsparciem obj\u0119to ju\u017c ponad 8 tys. m\u0142odych.<\/p>\n\n\n\n<p>2.&nbsp; Nabo\u017ce\u0144stwo r\u00f3\u017ca\u0144cowe w dni powszednie o godz. 17.00, a w niedziel\u0119 o godz. 16.00. Zach\u0119camy dzieci, m\u0142odzie\u017c i doros\u0142ych do udzia\u0142u w modlitwie r\u00f3\u017ca\u0144cowej. Tradycyjnie dla dzieci s\u0105&nbsp; przygotowane figurki Matki Bo\u017cej do konkursu \u2013 trzy razy wylosowana figurka przechodzi na w\u0142asno\u015b\u0107. W ko\u015bcio\u0142ach filialnych r\u00f3\u017caniec codziennie w dni powszednie o godz. 17.00, a w niedziele po Mszy \u015bw. prowadz\u0105 r\u00f3\u017ce r\u00f3\u017ca\u0144cowe.<\/p>\n\n\n\n<p>3. We wtorek przypada Dzie\u0144 Edukacji Narodowej czyli Dzie\u0144 Nauczyciela wraz z modlitw\u0105 sk\u0142adamy podzi\u0119kowanie nauczycielom, katechetom, wychowawcom i wszystkim pracownikom o\u015bwiaty za trud nauczania i wychowania.<\/p>\n\n\n\n<p>4. W sobot\u0119 przypada \u015bwi\u0119to \u015bw. \u0141ukasza. Modlimy si\u0119 w intencji s\u0142u\u017cby zdrowia.<\/p>\n\n\n\n<p>5. W przysz\u0142\u0105 niedziel\u0119 19 pa\u017adziernika obchodzimy \u2013 Niedziela Misyjna modlimy si\u0119 w intencji Misji \u015bwi\u0119tych, a ofiary sk\u0142adane na tac\u0105 przeznaczone s\u0105 na Misje \u015bwi\u0119te.<\/p>\n\n\n\n<p>6. W tym tygodniu b\u0119dzie sk\u0142adka po domach na prace przy naszym ko\u015bciele, za sierpie\u0144, pa\u017adziernik i listopad, czyli 90 z\u0142otych od rodziny.<\/p>\n\n\n\n<p>7. Katolickie Stowarzyszenie M\u0142odzie\u017cy w Besku w przysz\u0142\u0105 niedziel\u0119 19 pa\u017adziernika, jak co roku organizuje \u201eNiedziel\u0119 s\u0142odko\u015bci\u201d po ka\u017cdej Mszy \u015bw. b\u0119dzie rozprowadza\u0107 krem\u00f3wki. Ofiara za dwie krem\u00f3wki i opakowanie \u2013 minimum 15 z\u0142otych. Ofiary zebrane to cegie\u0142ka na funkcjonowanie wsp\u00f3lnoty i wyjazdy m\u0142odzie\u017cy na rekolekcje. Zach\u0119camy Parafian do wsparcia tej inicjatywy.<\/p>\n","protected":false},"excerpt":{"rendered":"<p>1. Dzisiaj obchodzimy XXV Dzie\u0144 Papieski. Has\u0142em tegorocznego Dnia Papieskiego sta\u0142y si\u0119 s\u0142owa&nbsp;,,\u015aw. Jan Pawe\u0142 II. Prorok Nadziei\u201d. W ca\u0142ej Polsce odbywa si\u0119 zbi\u00f3rka po Mszach \u015bw. na \u201e\u017cywy pomnik\u201d Papie\u017ca \u2013 Polaka: stypendia dla zdolnej m\u0142odzie\u017cy z ubogich rodzin. Organizatorem Dnia Papieskiego jest Fundacja \u201eDzie\u0142o Nowego Tysi\u0105clecia\u201d. Od lat<span class=\"more-link\"><a href=\"https:\/\/parafiabesko.pl\/?p=11360\">Czytaj wi\u0119cej<\/a><\/span><\/p>\n","protected":false},"author":1,"featured_media":0,"comment_status":"closed","ping_status":"","sticky":false,"template":"","format":"standard","meta":{"footnotes":""},"categories":[1],"tags":[],"class_list":["entry","author-adminparafiibesko","post-11360","post","type-post","status-publish","format-standard","category-bez-kategorii"],"_links":{"self":[{"href":"https:\/\/parafiabesko.pl\/index.php?rest_route=\/wp\/v2\/posts\/11360","targetHints":{"allow":["GET"]}}],"collection":[{"href":"https:\/\/parafiabesko.pl\/index.php?rest_route=\/wp\/v2\/posts"}],"about":[{"href":"https:\/\/parafiabesko.pl\/index.php?rest_route=\/wp\/v2\/types\/post"}],"author":[{"embeddable":true,"href":"https:\/\/parafiabesko.pl\/index.php?rest_route=\/wp\/v2\/users\/1"}],"replies":[{"embeddable":true,"href":"https:\/\/parafiabesko.pl\/index.php?rest_route=%2Fwp%2Fv2%2Fcomments&post=11360"}],"version-history":[{"count":1,"href":"https:\/\/parafiabesko.pl\/index.php?rest_route=\/wp\/v2\/posts\/11360\/revisions"}],"predecessor-version":[{"id":11361,"href":"https:\/\/parafiabesko.pl\/index.php?rest_route=\/wp\/v2\/posts\/11360\/revisions\/11361"}],"wp:attachment":[{"href":"https:\/\/parafiabesko.pl\/index.php?rest_route=%2Fwp%2Fv2%2Fmedia&parent=11360"}],"wp:term":[{"taxonomy":"category","embeddable":true,"href":"https:\/\/parafiabesko.pl\/index.php?rest_route=%2Fwp%2Fv2%2Fcategories&post=11360"},{"taxonomy":"post_tag","embeddable":true,"href":"https:\/\/parafiabesko.pl\/index.php?rest_route=%2Fwp%2Fv2%2Ftags&post=11360"}],"curies":[{"name":"wp","href":"https:\/\/api.w.org\/{rel}","templated":true}]}}