{"id":11342,"date":"2025-10-08T16:21:47","date_gmt":"2025-10-08T14:21:47","guid":{"rendered":"https:\/\/parafiabesko.pl\/?p=11342"},"modified":"2025-10-08T16:21:47","modified_gmt":"2025-10-08T14:21:47","slug":"zmarl-ks-witold-mroczkowski-michalita","status":"publish","type":"post","link":"https:\/\/parafiabesko.pl\/?p=11342","title":{"rendered":"Zmar\u0142 ks. Witold Mroczkowski, michalita."},"content":{"rendered":"\n<p>D\u0142ugoletni misjonarz w Afryce, Paragwaju i Dominikanie zmar\u0142 07 pa\u017adziernika, we Wspomnienie Matki Bo\u017cej R\u00f3\u017ca\u0144cowej w Szpitalu Powiatowym w Garwolinie.<\/p>\n\n\n\n<p>Urodzi\u0142 si\u0119 25 stycznia 1954 r. w Besku w religijnej, katolickiej i wielodzietnej rodzinie. Tam te\u017c uko\u0144czy\u0142 szko\u0142\u0119 podstawow\u0105. W czerwcu 1969 roku zg\u0142osi\u0142 si\u0119 Ni\u017cszego Seminarium Duchownego w Miejscu Piastowym. \u015awiadectwo dojrza\u0142o\u015bci uzyska\u0142 w Korespondencyjnym LO w Kro\u015bnie. Po dwuletnim nowicjacie pierwsz\u0105 profesj\u0119 z\u0142o\u017cy\u0142 15 sierpnia 1973 roku w Pawlikowicach a wieczyst\u0105 15 sierpnia 1976 w Krakowie. Studia filozoficzno-teologiczne odby\u0142 w Instytucie Teologicznym Ksi\u0119\u017cy Misjonarzy w Krakowie (1974-1980). \u015awi\u0119cenia kap\u0142a\u0144skie przyj\u0105\u0142 04 maja 1980 roku w Miejscu Piastowym, z r\u0105k ks. abpa Ignacego Tokarczuka. W tym samym roku wyjecha\u0142 do Brukseli na roczny kurs j\u0119z. francuskiego, po czym w wyjecha\u0142 do pracy misyjnej w Zairze. Po 10 latach (1981-1991), z powodu zamkni\u0119cia plac\u00f3wki w Afryce, zosta\u0142 przydzielony do delegatury paragwajsko-argenty\u0144skiej w Ameryce \u0141aci\u0144skiej. Przez 12 lat pracowa\u0142 w Natalicio Talavera (Paragwaj) spe\u0142niaj\u0105c r\u00f3\u017cne funkcje tak w duszpasterstwie, jak i w strukturach delegatury. By\u0142 duszpasterzem, prefektem, ekonomem Delegatury i prze\u0142o\u017conym domu. W ramach Delegatury przez pewien czas przebywa\u0142 w \u00d1emby a potem w Parque San Mart\u00edn (Argentyna).<\/p>\n\n\n\n<p>Od 2011 do 2019 roku przynale\u017ca\u0142 do wiceprowincji karaibskiej (Dominikana). Przez ten czas anga\u017cowa\u0142 si\u0119 g\u0142\u00f3wnie w duszpasterstwo parafialne w Los Alcarrizos i w Santiago de los Caballeros. Z powod\u00f3w zdrowotnych w 2019 roku powr\u00f3ci\u0142 do Polski i zosta\u0142 skierowany do domu zakonnego w G\u00f3rkach k\/ Garwolina, gdzie na miar\u0119 fizycznych mo\u017cliwo\u015bci pomaga\u0142, niemal do \u015bmierci, w duszpasterstwie parafialnym i sanktuaryjnym. Przez ca\u0142y czas pobytu w G\u00f3rkach zmaga\u0142 si\u0119 z chorobami, kt\u00f3re stopniowo nasila\u0142y si\u0119. Ostatni tydzie\u0144 \u017cycia sp\u0119dzi\u0142 w szpitalu.<\/p>\n\n\n\n<p>Obdarzony powo\u0142aniem misyjnym do ko\u0144ca \u017cycia t\u0119skni\u0142 za prac\u0105 misyjn\u0105, interesowa\u0142 si\u0119 plac\u00f3wkami na kt\u00f3rych pracowa\u0142 i ch\u0119tnie dzieli\u0142 si\u0119 swoim do\u015bwiadczeniem misyjnym. W opinii swoich wsp\u00f3\u0142braci uchodzi\u0142 za cz\u0142owieka spokojnego, opanowanego, pow\u015bci\u0105gliwego w sprawach materialnych, uczynnego i wsp\u00f3lnotowo-tw\u00f3rczego. Cierpienia, kt\u00f3re sta\u0142y si\u0119 jego udzia\u0142em, znosi\u0142 cierpliwie.<\/p>\n\n\n\n<p>Ufamy, \u017ce Najwy\u017cszy Pasterz przyjmie go do swojej chwa\u0142a. Jemu przecie\u017c po\u015bwi\u0119ci\u0142 swoje \u017cycie. \u015awiat\u0142o\u015b\u0107 wiekuista, niechaj mu \u015bwieci.<\/p>\n\n\n\n<p>Prze\u017cy\u0142 71 lat, jako zakonnik \u2013 52 lat, jako kap\u0142an \u2013 45.<\/p>\n\n\n\n<p>Msza \u015bwi\u0119ta i ostatnie po\u017cegnanie w sanktuarium w G\u00f3rkach w czwartek (9.10) o godzinie 19.00.<\/p>\n\n\n\n<p>Pogrzeb w sanktuarium w Miejscu Piastowym w pi\u0105tek (10.10) o godz. 12.00.<\/p>\n\n\n\n<p>Spocznie na cmentarzu w Miejscu Piastowym w grobowcu ksi\u0119\u017cy michalit\u00f3w.<\/p>\n\n\n\n<p>Niech odpoczywa w pokoju wiecznym. Amen.<\/p>\n","protected":false},"excerpt":{"rendered":"<p>D\u0142ugoletni misjonarz w Afryce, Paragwaju i Dominikanie zmar\u0142 07 pa\u017adziernika, we Wspomnienie Matki Bo\u017cej R\u00f3\u017ca\u0144cowej w Szpitalu Powiatowym w Garwolinie. Urodzi\u0142 si\u0119 25 stycznia 1954 r. w Besku w religijnej, katolickiej i wielodzietnej rodzinie. Tam te\u017c uko\u0144czy\u0142 szko\u0142\u0119 podstawow\u0105. W czerwcu 1969 roku zg\u0142osi\u0142 si\u0119 Ni\u017cszego Seminarium Duchownego w Miejscu<span class=\"more-link\"><a href=\"https:\/\/parafiabesko.pl\/?p=11342\">Czytaj wi\u0119cej<\/a><\/span><\/p>\n","protected":false},"author":1,"featured_media":0,"comment_status":"closed","ping_status":"","sticky":false,"template":"","format":"standard","meta":{"footnotes":""},"categories":[6],"tags":[],"class_list":["entry","author-adminparafiibesko","post-11342","post","type-post","status-publish","format-standard","category-uncategorized"],"_links":{"self":[{"href":"https:\/\/parafiabesko.pl\/index.php?rest_route=\/wp\/v2\/posts\/11342","targetHints":{"allow":["GET"]}}],"collection":[{"href":"https:\/\/parafiabesko.pl\/index.php?rest_route=\/wp\/v2\/posts"}],"about":[{"href":"https:\/\/parafiabesko.pl\/index.php?rest_route=\/wp\/v2\/types\/post"}],"author":[{"embeddable":true,"href":"https:\/\/parafiabesko.pl\/index.php?rest_route=\/wp\/v2\/users\/1"}],"replies":[{"embeddable":true,"href":"https:\/\/parafiabesko.pl\/index.php?rest_route=%2Fwp%2Fv2%2Fcomments&post=11342"}],"version-history":[{"count":1,"href":"https:\/\/parafiabesko.pl\/index.php?rest_route=\/wp\/v2\/posts\/11342\/revisions"}],"predecessor-version":[{"id":11343,"href":"https:\/\/parafiabesko.pl\/index.php?rest_route=\/wp\/v2\/posts\/11342\/revisions\/11343"}],"wp:attachment":[{"href":"https:\/\/parafiabesko.pl\/index.php?rest_route=%2Fwp%2Fv2%2Fmedia&parent=11342"}],"wp:term":[{"taxonomy":"category","embeddable":true,"href":"https:\/\/parafiabesko.pl\/index.php?rest_route=%2Fwp%2Fv2%2Fcategories&post=11342"},{"taxonomy":"post_tag","embeddable":true,"href":"https:\/\/parafiabesko.pl\/index.php?rest_route=%2Fwp%2Fv2%2Ftags&post=11342"}],"curies":[{"name":"wp","href":"https:\/\/api.w.org\/{rel}","templated":true}]}}