{"id":11329,"date":"2025-10-04T16:25:10","date_gmt":"2025-10-04T14:25:10","guid":{"rendered":"https:\/\/parafiabesko.pl\/?p=11329"},"modified":"2025-10-04T16:25:10","modified_gmt":"2025-10-04T14:25:10","slug":"ogloszenia-parafialne-27-niedziela-zwykla-5-10-2025r","status":"publish","type":"post","link":"https:\/\/parafiabesko.pl\/?p=11329","title":{"rendered":"Og\u0142oszenia parafialne 27 Niedziela zwyk\u0142a 5.10.2025r."},"content":{"rendered":"\n<p>1. Dzisiaj Niedziela Adoracyjna, od godziny 12.00 do 16.00 prywatna adoracja rodzin<strong> o godzinie 16.00 \u2013 procesja r\u00f3\u017ca\u0144cowa do pi\u0119ciu o\u0142tarzy i zmiana tajemnic r\u00f3\u017ca\u0144cowych.<\/strong><\/p>\n\n\n\n<p>2. Taca z dzisiejszej niedzieli przeznaczona jest na Wy\u017csze Seminarium Duchowne w Przemy\u015blu<strong>.<\/strong><\/p>\n\n\n\n<p>3.Trwa miesi\u0105c pa\u017adziernik, a zatem s\u0105 nabo\u017ce\u0144stwa r\u00f3\u017ca\u0144cowe \u2013 za udzia\u0142 w nich mo\u017cna zyska\u0107 odpust zupe\u0142ny pod zwyk\u0142ymi warunkami. Nabo\u017ce\u0144stwo r\u00f3\u017ca\u0144cowe w dni powszednie o godz. 17.00, a w niedziel\u0119 o godz. 16.00. Zach\u0119camy dzieci, m\u0142odzie\u017c i doros\u0142ych do udzia\u0142u w modlitwie r\u00f3\u017ca\u0144cowej. Tradycyjnie dla dzieci s\u0105&nbsp; przygotowane figurki Matki Bo\u017cej do konkursu \u2013 trzy razy wylosowana figurka przechodzi na w\u0142asno\u015b\u0107. W ko\u015bcio\u0142ach filialnych r\u00f3\u017caniec codziennie w dni powszednie o godz. 17.00, a w niedziele po Mszy \u015bw. prowadz\u0105 r\u00f3\u017ce r\u00f3\u017ca\u0144cowe.<\/p>\n\n\n\n<p>4. We pi\u0105tek 10 pa\u017adziernika <strong>wspomnienie b\u0142ogos\u0142awionej Marii Angeli Truszkowskiej dziewicy &#8211; za\u0142o\u017cycielki Zgromadzenia si\u00f3str Felicjanek<\/strong>, kt\u00f3re w naszej Parafii pe\u0142n\u0105 pos\u0142ug\u0119 od roku 1881. W tym dniu modlimy si\u0119 w intencji si\u00f3str, kt\u00f3re pracowa\u0142y i pracuj\u0105 w naszej Parafii o potrzebne dla nich \u0142aski.<\/p>\n\n\n\n<p>5. Za tydzie\u0144 w niedziel\u0119 obchodzimy <strong><u>XXV Dzie\u0144 Papieski. <\/u><\/strong><strong><u>Has\u0142em tegorocznego Dnia Papieskiego sta\u0142y si\u0119 s\u0142owa&nbsp;,,\u015aw. Jan Pawe\u0142 II. Prorok Nadziei.<\/u><\/strong><strong> <\/strong>W ca\u0142ej Polsce odb\u0119dzie si\u0119 zbi\u00f3rka po Mszach \u015bw. na \u201e\u017cywy pomnik\u201d Papie\u017ca \u2013 Polaka: stypendia dla zdolnej m\u0142odzie\u017cy z ubogich rodzin. Organizatorem Dnia Papieskiego jest Fundacja \u201eDzie\u0142o Nowego Tysi\u0105clecia\u201d. Od lat Fundacja utrzymuje ok. 2 tys. stypendyst\u00f3w. Wspierani s\u0105 oni od 7 klasy szko\u0142y podstawowej a\u017c do zako\u0144czenia studi\u00f3w Ka\u017cdego roku ok. 200 z nich zdobywa wykszta\u0142cenie i przeprowadzany jest nab\u00f3r 200 &#8211; 250 nowych uczni\u00f3w. W ci\u0105gu 25 lat istnienia Fundacji Dzie\u0142o Nowego Tysi\u0105clecia wsparciem obj\u0119to ju\u017c ponad 8 tys. m\u0142odych.<\/p>\n","protected":false},"excerpt":{"rendered":"<p>1. Dzisiaj Niedziela Adoracyjna, od godziny 12.00 do 16.00 prywatna adoracja rodzin o godzinie 16.00 \u2013 procesja r\u00f3\u017ca\u0144cowa do pi\u0119ciu o\u0142tarzy i zmiana tajemnic r\u00f3\u017ca\u0144cowych. 2. Taca z dzisiejszej niedzieli przeznaczona jest na Wy\u017csze Seminarium Duchowne w Przemy\u015blu. 3.Trwa miesi\u0105c pa\u017adziernik, a zatem s\u0105 nabo\u017ce\u0144stwa r\u00f3\u017ca\u0144cowe \u2013 za udzia\u0142 w<span class=\"more-link\"><a href=\"https:\/\/parafiabesko.pl\/?p=11329\">Czytaj wi\u0119cej<\/a><\/span><\/p>\n","protected":false},"author":1,"featured_media":0,"comment_status":"closed","ping_status":"","sticky":false,"template":"","format":"standard","meta":{"footnotes":""},"categories":[7],"tags":[],"class_list":["entry","author-adminparafiibesko","post-11329","post","type-post","status-publish","format-standard","category-ogloszenia-parafialne"],"_links":{"self":[{"href":"https:\/\/parafiabesko.pl\/index.php?rest_route=\/wp\/v2\/posts\/11329","targetHints":{"allow":["GET"]}}],"collection":[{"href":"https:\/\/parafiabesko.pl\/index.php?rest_route=\/wp\/v2\/posts"}],"about":[{"href":"https:\/\/parafiabesko.pl\/index.php?rest_route=\/wp\/v2\/types\/post"}],"author":[{"embeddable":true,"href":"https:\/\/parafiabesko.pl\/index.php?rest_route=\/wp\/v2\/users\/1"}],"replies":[{"embeddable":true,"href":"https:\/\/parafiabesko.pl\/index.php?rest_route=%2Fwp%2Fv2%2Fcomments&post=11329"}],"version-history":[{"count":1,"href":"https:\/\/parafiabesko.pl\/index.php?rest_route=\/wp\/v2\/posts\/11329\/revisions"}],"predecessor-version":[{"id":11330,"href":"https:\/\/parafiabesko.pl\/index.php?rest_route=\/wp\/v2\/posts\/11329\/revisions\/11330"}],"wp:attachment":[{"href":"https:\/\/parafiabesko.pl\/index.php?rest_route=%2Fwp%2Fv2%2Fmedia&parent=11329"}],"wp:term":[{"taxonomy":"category","embeddable":true,"href":"https:\/\/parafiabesko.pl\/index.php?rest_route=%2Fwp%2Fv2%2Fcategories&post=11329"},{"taxonomy":"post_tag","embeddable":true,"href":"https:\/\/parafiabesko.pl\/index.php?rest_route=%2Fwp%2Fv2%2Ftags&post=11329"}],"curies":[{"name":"wp","href":"https:\/\/api.w.org\/{rel}","templated":true}]}}