{"id":11295,"date":"2025-09-27T16:33:25","date_gmt":"2025-09-27T14:33:25","guid":{"rendered":"https:\/\/parafiabesko.pl\/?p=11295"},"modified":"2025-09-29T00:13:31","modified_gmt":"2025-09-28T22:13:31","slug":"ogloszenia-parafialne-26-niedziela-zwykla-28-09-2025r","status":"publish","type":"post","link":"https:\/\/parafiabesko.pl\/?p=11295","title":{"rendered":"Og\u0142oszenia parafialne 26 Niedziela zwyk\u0142a 28.09.2025r."},"content":{"rendered":"\n<p><strong>1. Od jutra nabo\u017ce\u0144stwa popo\u0142udniowe w ko\u015bciele parafialnym w Besku b\u0119d\u0105 odprawiane &nbsp;o jedn\u0105 godzin\u0119 wcze\u015bniej, czyli o godz. 17.00<\/strong>.<\/p>\n\n\n\n<p>2. Spowied\u017a \u015bwi\u0119ta przed pierwszym pi\u0105tkiem miesi\u0105ca od&nbsp; poniedzia\u0142ku&nbsp; rano&nbsp;&nbsp;&nbsp; i wieczorem przed Msz\u0105 \u015bwi\u0119t\u0105. Dzieci i m\u0142odzie\u017c do spowiedzi prosimy we \u015brod\u0119 od godziny 16.00.<\/p>\n\n\n\n<p>3. W poniedzia\u0142ek\u00a0 o godz. 17.00 modlitwa przy relikwiach \u015bw. Jana Paw\u0142a II. \u00a0O godz. 19.30 Msza \u015bw. dla m\u0119\u017cczyzn.<\/p>\n\n\n\n<p>4. We wtorek o godz. 17.00 nabo\u017ce\u0144stwo do Bo\u017cego Mi\u0142osierdzia.<\/p>\n\n\n\n<p>5. Od \u015brody rozpoczyna si\u0119 miesi\u0105c pa\u017adziernik, a zatem rozpoczynaj\u0105 si\u0119 nabo\u017ce\u0144stwa r\u00f3\u017ca\u0144cowe \u2013 za udzia\u0142 w nich mo\u017cna zyska\u0107 odpust zupe\u0142ny pod zwyk\u0142ymi warunkami. Nabo\u017ce\u0144stwo r\u00f3\u017ca\u0144cowe w dni powszednie o godz. 17.00, a w niedziel\u0119 o godz. 16.00. Zach\u0119camy dzieci, m\u0142odzie\u017c i doros\u0142ych do udzia\u0142u w modlitwie r\u00f3\u017ca\u0144cowej. Tradycyjnie dla dzieci s\u0105&nbsp; przygotowane figurki Matki Bo\u017cej do konkursu \u2013 trzy razy wylosowana figurka przechodzi na w\u0142asno\u015b\u0107, tym roku figurki na konkurs przywiezione z Medzugorie ofiarowa\u0142 Wojciech Zubik. Serdecznie dzi\u0119kujemy. W ko\u015bcio\u0142ach filialnych r\u00f3\u017caniec codziennie w dni powszednie o godz. 17.00, a w niedziele po Mszy \u015bw. prowadz\u0105 r\u00f3\u017ce r\u00f3\u017ca\u0144cowe.<\/p>\n\n\n\n<p>5. Pierwszy pi\u0105tek miesi\u0105ca. Rano o godz. 7.00 Msza \u015bw. i nabo\u017ce\u0144stwo do NSPJ, adoruje r\u00f3\u017ca Matki Bo\u017cej Bolesnej prze\u0142o\u017cona Anna Sz\u0142ankiewicz. O godz. 17.00&nbsp; Nabo\u017ce\u0144stwo r\u00f3\u017ca\u0144cowe i Msza \u015bw. Chorych w Besku odwiedzamy od godz. 8.00. W Por\u0119bach i Mymoniu o godz. 15.00 nabo\u017ce\u0144stwo r\u00f3\u017ca\u0144cowe, spowied\u017a i Msza \u015bw.<\/p>\n\n\n\n<p>6. Pierwsza sobota miesi\u0105ca. Rano o godz. 7.00 Msza \u015bw. i nabo\u017ce\u0144stwo do Matki Bo\u017cej, adoruje r\u00f3\u017ca MB Cz\u0119stochowskiej prze\u0142o\u017cona Helena Folcik. <strong>Wieczorem o godz. 19.00 ostatni w tym roku wiecz\u00f3r fatimski.<\/strong><\/p>\n\n\n\n<p>7. W przysz\u0142\u0105 niedziel\u0119 &#8211; Niedziela Adoracyjna, od godziny 12.00 do 16.00 prywatna adoracja rodzin<strong> o godzinie 16.00 \u2013 procesja r\u00f3\u017ca\u0144cowa do pi\u0119ciu o\u0142tarzy i zmiana tajemnic r\u00f3\u017ca\u0144cowych.<\/strong><\/p>\n\n\n\n<p>8. Lista klas szkolnych czy grup parafialnych prowadz\u0105cych r\u00f3\u017caniec w kolejne dni miesi\u0105ca pa\u017adziernika w naszym ko\u015bciele wywieszona jest w przedsionku ko\u015bcio\u0142a, oraz na stronie internetowej naszej Parafii, a tak\u017ce w gazetce Amicus, prosimy si\u0119 z ni\u0105 zapozna\u0107.<\/p>\n\n\n\n<p><\/p>\n\n\n\n<p><\/p>\n","protected":false},"excerpt":{"rendered":"<p>1. Od jutra nabo\u017ce\u0144stwa popo\u0142udniowe w ko\u015bciele parafialnym w Besku b\u0119d\u0105 odprawiane &nbsp;o jedn\u0105 godzin\u0119 wcze\u015bniej, czyli o godz. 17.00. 2. Spowied\u017a \u015bwi\u0119ta przed pierwszym pi\u0105tkiem miesi\u0105ca od&nbsp; poniedzia\u0142ku&nbsp; rano&nbsp;&nbsp;&nbsp; i wieczorem przed Msz\u0105 \u015bwi\u0119t\u0105. Dzieci i m\u0142odzie\u017c do spowiedzi prosimy we \u015brod\u0119 od godziny 16.00. 3. W poniedzia\u0142ek\u00a0 o<span class=\"more-link\"><a href=\"https:\/\/parafiabesko.pl\/?p=11295\">Czytaj wi\u0119cej<\/a><\/span><\/p>\n","protected":false},"author":1,"featured_media":0,"comment_status":"closed","ping_status":"","sticky":false,"template":"","format":"standard","meta":{"footnotes":""},"categories":[7],"tags":[],"class_list":["entry","author-adminparafiibesko","post-11295","post","type-post","status-publish","format-standard","category-ogloszenia-parafialne"],"_links":{"self":[{"href":"https:\/\/parafiabesko.pl\/index.php?rest_route=\/wp\/v2\/posts\/11295","targetHints":{"allow":["GET"]}}],"collection":[{"href":"https:\/\/parafiabesko.pl\/index.php?rest_route=\/wp\/v2\/posts"}],"about":[{"href":"https:\/\/parafiabesko.pl\/index.php?rest_route=\/wp\/v2\/types\/post"}],"author":[{"embeddable":true,"href":"https:\/\/parafiabesko.pl\/index.php?rest_route=\/wp\/v2\/users\/1"}],"replies":[{"embeddable":true,"href":"https:\/\/parafiabesko.pl\/index.php?rest_route=%2Fwp%2Fv2%2Fcomments&post=11295"}],"version-history":[{"count":2,"href":"https:\/\/parafiabesko.pl\/index.php?rest_route=\/wp\/v2\/posts\/11295\/revisions"}],"predecessor-version":[{"id":11302,"href":"https:\/\/parafiabesko.pl\/index.php?rest_route=\/wp\/v2\/posts\/11295\/revisions\/11302"}],"wp:attachment":[{"href":"https:\/\/parafiabesko.pl\/index.php?rest_route=%2Fwp%2Fv2%2Fmedia&parent=11295"}],"wp:term":[{"taxonomy":"category","embeddable":true,"href":"https:\/\/parafiabesko.pl\/index.php?rest_route=%2Fwp%2Fv2%2Fcategories&post=11295"},{"taxonomy":"post_tag","embeddable":true,"href":"https:\/\/parafiabesko.pl\/index.php?rest_route=%2Fwp%2Fv2%2Ftags&post=11295"}],"curies":[{"name":"wp","href":"https:\/\/api.w.org\/{rel}","templated":true}]}}