{"id":11291,"date":"2025-09-20T19:32:42","date_gmt":"2025-09-20T17:32:42","guid":{"rendered":"https:\/\/parafiabesko.pl\/?p=11291"},"modified":"2025-09-20T19:32:42","modified_gmt":"2025-09-20T17:32:42","slug":"ogloszenia-parafialne-25-niedziela-zwykla-21-09-2025r","status":"publish","type":"post","link":"https:\/\/parafiabesko.pl\/?p=11291","title":{"rendered":"Og\u0142oszenia parafialne 25 Niedziela zwyk\u0142a 21.09.2025r."},"content":{"rendered":"\n<p>1. Dzisiaj sk\u0142adka przeznaczona\u00a0 jest na Archidiecezjalne Radio Fara.<\/p>\n\n\n\n<p>2. W poniedzia\u0142ek o godz. 18.00 modlitwa przy relikwiach \u015bw. Jana Paw\u0142a II.  Po Mszy \u015bw. spotkanie w ko\u015bciele z rodzicami klasy trzeciej, kt\u00f3rych dzieci przygotowuj\u0105 si\u0119 do Pierwszej spowiedzi i Komunii \u015bw.<\/p>\n\n\n\n<p>3. We wtorek o godz. 18.00 modlitwa od Mi\u0142osierdzia Bo\u017cego.<\/p>\n\n\n\n<p>3. We \u015brod\u0119 o godz. 18.00 Nowenna do MN Nieustaj\u0105cej Pomocy.<\/p>\n\n\n\n<p><\/p>\n","protected":false},"excerpt":{"rendered":"<p>1. Dzisiaj sk\u0142adka przeznaczona\u00a0 jest na Archidiecezjalne Radio Fara. 2. W poniedzia\u0142ek o godz. 18.00 modlitwa przy relikwiach \u015bw. Jana Paw\u0142a II. Po Mszy \u015bw. spotkanie w ko\u015bciele z rodzicami klasy trzeciej, kt\u00f3rych dzieci przygotowuj\u0105 si\u0119 do Pierwszej spowiedzi i Komunii \u015bw. 3. We wtorek o godz. 18.00 modlitwa od<span class=\"more-link\"><a href=\"https:\/\/parafiabesko.pl\/?p=11291\">Czytaj wi\u0119cej<\/a><\/span><\/p>\n","protected":false},"author":1,"featured_media":0,"comment_status":"closed","ping_status":"","sticky":false,"template":"","format":"standard","meta":{"footnotes":""},"categories":[7],"tags":[],"class_list":["entry","author-adminparafiibesko","post-11291","post","type-post","status-publish","format-standard","category-ogloszenia-parafialne"],"_links":{"self":[{"href":"https:\/\/parafiabesko.pl\/index.php?rest_route=\/wp\/v2\/posts\/11291","targetHints":{"allow":["GET"]}}],"collection":[{"href":"https:\/\/parafiabesko.pl\/index.php?rest_route=\/wp\/v2\/posts"}],"about":[{"href":"https:\/\/parafiabesko.pl\/index.php?rest_route=\/wp\/v2\/types\/post"}],"author":[{"embeddable":true,"href":"https:\/\/parafiabesko.pl\/index.php?rest_route=\/wp\/v2\/users\/1"}],"replies":[{"embeddable":true,"href":"https:\/\/parafiabesko.pl\/index.php?rest_route=%2Fwp%2Fv2%2Fcomments&post=11291"}],"version-history":[{"count":1,"href":"https:\/\/parafiabesko.pl\/index.php?rest_route=\/wp\/v2\/posts\/11291\/revisions"}],"predecessor-version":[{"id":11292,"href":"https:\/\/parafiabesko.pl\/index.php?rest_route=\/wp\/v2\/posts\/11291\/revisions\/11292"}],"wp:attachment":[{"href":"https:\/\/parafiabesko.pl\/index.php?rest_route=%2Fwp%2Fv2%2Fmedia&parent=11291"}],"wp:term":[{"taxonomy":"category","embeddable":true,"href":"https:\/\/parafiabesko.pl\/index.php?rest_route=%2Fwp%2Fv2%2Fcategories&post=11291"},{"taxonomy":"post_tag","embeddable":true,"href":"https:\/\/parafiabesko.pl\/index.php?rest_route=%2Fwp%2Fv2%2Ftags&post=11291"}],"curies":[{"name":"wp","href":"https:\/\/api.w.org\/{rel}","templated":true}]}}