{"id":11287,"date":"2025-09-20T19:17:42","date_gmt":"2025-09-20T17:17:42","guid":{"rendered":"https:\/\/parafiabesko.pl\/?p=11287"},"modified":"2025-09-20T19:17:42","modified_gmt":"2025-09-20T17:17:42","slug":"intencje-mszalne-22-28-09-2025r","status":"publish","type":"post","link":"https:\/\/parafiabesko.pl\/?p=11287","title":{"rendered":"Intencje mszalne 22-28.09.2025r."},"content":{"rendered":"\n<figure class=\"wp-block-table\"><table><tbody><tr><td colspan=\"3\"><strong>AD 2025<\/strong> <br><strong>25 Tydzie\u0144 zwyk\u0142y<\/strong> <br><strong>22-28.09.2025r.<\/strong> <strong>\u00a0<\/strong> <strong>\u00a0<\/strong> \u00a0<\/td><\/tr><tr><td rowspan=\"2\"><strong>Poniedzia\u0142ek<\/strong> &nbsp;<\/td><td><strong>7.00<\/strong><\/td><td>+Stanis\u0142aw Szybka of. synowie Adrian i Konrad<\/td><\/tr><tr><td><strong>18.00<\/strong><\/td><td>1. +Kazimierz \u0106wik of. pracownice Przedszkola si\u00f3str Felicjanek w Besku <br>2. +Henryk Nitkowski of. c\u00f3rka Joanna z rodzin\u0105<\/td><\/tr><tr><td rowspan=\"2\"><strong>Wtorek<\/strong> &nbsp;<\/td><td><strong>7.00<\/strong><\/td><td>+Jan Rzo\u0144ca of. c\u00f3rka Renata z rodzin\u0105<\/td><\/tr><tr><td><strong>18.00<\/strong><\/td><td>1. +Czes\u0142aw Weber \/39 r. \u015bm.\/ of. c\u00f3rka Maria <br>2. +Andrzej Chrobak of. c\u00f3rka Ewelina z rodzin\u0105<\/td><\/tr><tr><td rowspan=\"2\"><strong>\u015aroda<\/strong> <strong>&nbsp;<\/strong><\/td><td><strong>7.00<\/strong><\/td><td>+Grzegorz Dere\u0144 of. dyrekcja i pracownicy szko\u0142y w Besku<\/td><\/tr><tr><td><strong>18.00<\/strong><\/td><td>1. J\u00f3zef\u0119 \/8 r. \u015bm.\/, Stanis\u0142aw Sza\u0142ankiewicz of. c\u00f3rka z rodzin\u0105 <br>2. +Andrzej Szyndlar of. rodzice \u00a0<\/td><\/tr><tr><td rowspan=\"2\"><strong>Czwartek<\/strong> &nbsp;<\/td><td><strong>7.00<\/strong><\/td><td>+Czes\u0142aw<\/td><\/tr><tr><td><strong>18.00<\/strong><\/td><td>1. +Danuta, Andrzej <br>2. +Stanis\u0142aw<\/td><\/tr><tr><td rowspan=\"2\"><strong>Pi\u0105tek<\/strong> &nbsp;<\/td><td><strong>7.00<\/strong><\/td><td>+Leszek Kami\u0144ski of. s\u0105siedzi Maria, J\u00f3zef Szul<\/td><\/tr><tr><td><strong>18.00<\/strong><\/td><td>1.+ Jan Rzo\u0144ca of. syn Grzegorz z rodzin\u0105 <br>2. +Henryk Nitkowski of. chrze\u015bniak Bartek<\/td><\/tr><tr><td rowspan=\"2\"><strong>Sobota<\/strong> &nbsp;<\/td><td><strong>7.00<\/strong><\/td><td>+Stanis\u0142aw<\/td><\/tr><tr><td><strong>18.00<\/strong><\/td><td>1. +Marek Boco\u0144 of. Anna, Marek Stapi\u0144scy <br>2. +Kazimier\u0119 i zm. z rodziny<\/td><\/tr><tr><td rowspan=\"4\"><strong>Niedziela<\/strong> &nbsp;<\/td><td><strong>7.30<\/strong><\/td><td>+Domicela, J\u00f3zef, Tadeusz Stanis\u0142aw\u0119<\/td><\/tr><tr><td><strong>9.15<\/strong><\/td><td>+Andrzej Szyndlar of. \u017cona<\/td><\/tr><tr><td><strong>11.00<\/strong><\/td><td><strong>Za Parafian<\/strong><\/td><\/tr><tr><td><strong>16.30<\/strong><\/td><td>+Andrzej Chrobak of. syn Marcin z rodzin\u0105<\/td><\/tr><\/tbody><\/table><\/figure>\n","protected":false},"excerpt":{"rendered":"<p>AD 2025 25 Tydzie\u0144 zwyk\u0142y 22-28.09.2025r. \u00a0 \u00a0 \u00a0 Poniedzia\u0142ek &nbsp; 7.00 +Stanis\u0142aw Szybka of. synowie Adrian i Konrad 18.00 1. +Kazimierz \u0106wik of. pracownice Przedszkola si\u00f3str Felicjanek w Besku 2. +Henryk Nitkowski of. c\u00f3rka Joanna z rodzin\u0105 Wtorek &nbsp; 7.00 +Jan Rzo\u0144ca of. c\u00f3rka Renata z rodzin\u0105 18.00 1.<span class=\"more-link\"><a href=\"https:\/\/parafiabesko.pl\/?p=11287\">Czytaj wi\u0119cej<\/a><\/span><\/p>\n","protected":false},"author":1,"featured_media":0,"comment_status":"closed","ping_status":"","sticky":false,"template":"","format":"standard","meta":{"footnotes":""},"categories":[4],"tags":[],"class_list":["entry","author-adminparafiibesko","post-11287","post","type-post","status-publish","format-standard","category-intencje-mszalne"],"_links":{"self":[{"href":"https:\/\/parafiabesko.pl\/index.php?rest_route=\/wp\/v2\/posts\/11287","targetHints":{"allow":["GET"]}}],"collection":[{"href":"https:\/\/parafiabesko.pl\/index.php?rest_route=\/wp\/v2\/posts"}],"about":[{"href":"https:\/\/parafiabesko.pl\/index.php?rest_route=\/wp\/v2\/types\/post"}],"author":[{"embeddable":true,"href":"https:\/\/parafiabesko.pl\/index.php?rest_route=\/wp\/v2\/users\/1"}],"replies":[{"embeddable":true,"href":"https:\/\/parafiabesko.pl\/index.php?rest_route=%2Fwp%2Fv2%2Fcomments&post=11287"}],"version-history":[{"count":1,"href":"https:\/\/parafiabesko.pl\/index.php?rest_route=\/wp\/v2\/posts\/11287\/revisions"}],"predecessor-version":[{"id":11288,"href":"https:\/\/parafiabesko.pl\/index.php?rest_route=\/wp\/v2\/posts\/11287\/revisions\/11288"}],"wp:attachment":[{"href":"https:\/\/parafiabesko.pl\/index.php?rest_route=%2Fwp%2Fv2%2Fmedia&parent=11287"}],"wp:term":[{"taxonomy":"category","embeddable":true,"href":"https:\/\/parafiabesko.pl\/index.php?rest_route=%2Fwp%2Fv2%2Fcategories&post=11287"},{"taxonomy":"post_tag","embeddable":true,"href":"https:\/\/parafiabesko.pl\/index.php?rest_route=%2Fwp%2Fv2%2Ftags&post=11287"}],"curies":[{"name":"wp","href":"https:\/\/api.w.org\/{rel}","templated":true}]}}