{"id":11284,"date":"2025-09-13T18:54:14","date_gmt":"2025-09-13T16:54:14","guid":{"rendered":"https:\/\/parafiabesko.pl\/?p=11284"},"modified":"2025-09-13T18:54:14","modified_gmt":"2025-09-13T16:54:14","slug":"ogloszenia-parafialne-24-niedziela-zwykla-14-09-2025r","status":"publish","type":"post","link":"https:\/\/parafiabesko.pl\/?p=11284","title":{"rendered":"Og\u0142oszenia parafialne 24 Niedziela zwyk\u0142a 14.09.2025r."},"content":{"rendered":"\n<p><strong>24 &nbsp;Niedziela zwyk\u0142a<\/strong><\/p>\n\n\n\n<p><strong>14.09.2025 roku<\/strong><\/p>\n\n\n\n<p>1. &nbsp;W poniedzia\u0142ek godz. 18.00 modlitwa przy relikwiach \u015bw. Jana Paw\u0142a II.<\/p>\n\n\n\n<p>2. We wtorek o godz. 18.00 nabo\u017ce\u0144stwo do Bo\u017cego Mi\u0142osierdzia.<\/p>\n\n\n\n<p>4. W \u015brod\u0119 o godz. 18.00 Nowenna do Matki Bo\u017cej Nieustaj\u0105cej Pomocy.<\/p>\n\n\n\n<p>5. W czwartek \u015bwi\u0119to \u015bw. Stanis\u0142awa Kostki, zakonnika, patrona Polski oraz m\u0142odzie\u017cy.<\/p>\n\n\n\n<p>6. W przysz\u0142\u0105 niedziel\u0119 sk\u0142adka na Archidiecezjalne Radio Fara.<\/p>\n\n\n\n<p>7. Dzi\u0119kujemy pracownikom Zak\u0142adu Energetycznego w Besku za napraw\u0119 o\u015bwietlenia nowego ko\u015bcio\u0142a w Besku.<\/p>\n\n\n\n<p>8. <strong>Apel Metropolity Przemyskiego o modlitw\u0119 w intencji pokoju<\/strong><\/p>\n\n\n\n<p>Drodzy Diecezjanie,<\/p>\n\n\n\n<p>ufaj\u0105c Bo\u017cej Opatrzno\u015bci, rozpami\u0119tuj\u0105c wielkie dzie\u0142a i interwencje Boga, kt\u00f3rych niema\u0142o zapisa\u0142o karty naszej narodowej historii, a kt\u00f3rych nie zapominamy, Panu dziej\u00f3w i historii, zawierzajmy w modlitwie nasz\u0105 umi\u0142owan\u0105 Ojczyzn\u0119, wsp\u00f3lnot\u0119 diecezjaln\u0105, aby; \u201e Od powietrza, g\u0142odu, ognia i wojny\u201d zachowa\u0107 nas raczy\u0142. Trwajmy na modlitwie upraszaj\u0105c dar pokoju w krajach pogr\u0105\u017conych konfliktami zbrojnymi. Upraszajmy opami\u0119tanie dla oprawc\u00f3w i ludzi, kt\u00f3rzy w\u0142asne interesy i ambicje przedk\u0142adaj\u0105 nad dobro drugiego cz\u0142owieka, sprowadzaj\u0105c na niego cierpienie, a nawet \u015bmier\u0107.<\/p>\n\n\n\n<p>Drodzy ksi\u0119\u017ca, ojcowie zakonni, przewodnicy Ludu Bo\u017cego, zach\u0119cam aby&nbsp;<strong>od niedzieli 14 wrze\u015bnia<\/strong>, przez dziewi\u0119\u0107 kolejnych dni, podczas ka\u017cdej Mszy \u015bwi\u0119tej od\u015bpiewa\u0107 z wiernymi \u201eSuplikacje\u201d w intencji pokoju na \u015bwiecie i do\u0142\u0105czy\u0107 stosowne wezwanie do modlitwy wiernych. Starajmy si\u0119 wsp\u00f3lnie odczytywa\u0107 znaki czasu i reagowa\u0107 na nie z wiar\u0105, trwaj\u0105c przed Jezusem ukrytym w Naj\u015bwi\u0119tszym Sakramencie. Mo\u017cna te\u017c odm\u00f3wi\u0107 dziesi\u0105tek r\u00f3\u017ca\u0144ca w tej intencji, ofiarowa\u0107 post lub pos\u0142u\u017cy\u0107 si\u0119 innymi modlitwami (np. Nowenna za wstawiennictwem \u015bw. Andrzeja Boboli).<\/p>\n\n\n\n<p>Drodzy Diecezjalnie, bardzo prosz\u0119 podejmijcie t\u0119 modlitewn\u0105 zach\u0119t\u0119 w waszych domach podczas rodzinnej modlitwy, na przyk\u0142ad podczas wieczornego pacierza lub w \u0142\u0105czno\u015bci z naszymi Rodakami podczas modlitwy Apelu Jasnog\u00f3rskiego.<\/p>\n\n\n\n<p>Umocnieni Bo\u017c\u0105 \u0142ask\u0105, solidarni w trosce o nasz\u0105 Ojczyzn\u0119, Archidiecezj\u0119, z lud\u017ami cierpi\u0105cymi w skutek wojen na ca\u0142ym \u015bwiecie, nie ustawajmy w modlitwie o pok\u00f3j mi\u0119dzy nami- Rodakami, zgod\u0119 w naszych rodzinach oraz skonfliktowanymi narodami.<\/p>\n\n\n\n<p>Bo\u017ce w Tr\u00f3jcy \u015awi\u0119tej jedyny! Niech zst\u0105pi Duch Tw\u00f3j i odnowi oblicze ziemi!<\/p>\n\n\n\n<p><em>Z pasterskim b\u0142ogos\u0142awie\u0144stwem,<\/em><br><em>+ abp Adam Szal<\/em><br><em>Metropolita Przemyski<\/em><\/p>\n","protected":false},"excerpt":{"rendered":"<p>24 &nbsp;Niedziela zwyk\u0142a 14.09.2025 roku 1. &nbsp;W poniedzia\u0142ek godz. 18.00 modlitwa przy relikwiach \u015bw. Jana Paw\u0142a II. 2. We wtorek o godz. 18.00 nabo\u017ce\u0144stwo do Bo\u017cego Mi\u0142osierdzia. 4. W \u015brod\u0119 o godz. 18.00 Nowenna do Matki Bo\u017cej Nieustaj\u0105cej Pomocy. 5. W czwartek \u015bwi\u0119to \u015bw. Stanis\u0142awa Kostki, zakonnika, patrona Polski oraz<span class=\"more-link\"><a href=\"https:\/\/parafiabesko.pl\/?p=11284\">Czytaj wi\u0119cej<\/a><\/span><\/p>\n","protected":false},"author":1,"featured_media":0,"comment_status":"closed","ping_status":"","sticky":false,"template":"","format":"standard","meta":{"footnotes":""},"categories":[7],"tags":[],"class_list":["entry","author-adminparafiibesko","post-11284","post","type-post","status-publish","format-standard","category-ogloszenia-parafialne"],"_links":{"self":[{"href":"https:\/\/parafiabesko.pl\/index.php?rest_route=\/wp\/v2\/posts\/11284","targetHints":{"allow":["GET"]}}],"collection":[{"href":"https:\/\/parafiabesko.pl\/index.php?rest_route=\/wp\/v2\/posts"}],"about":[{"href":"https:\/\/parafiabesko.pl\/index.php?rest_route=\/wp\/v2\/types\/post"}],"author":[{"embeddable":true,"href":"https:\/\/parafiabesko.pl\/index.php?rest_route=\/wp\/v2\/users\/1"}],"replies":[{"embeddable":true,"href":"https:\/\/parafiabesko.pl\/index.php?rest_route=%2Fwp%2Fv2%2Fcomments&post=11284"}],"version-history":[{"count":1,"href":"https:\/\/parafiabesko.pl\/index.php?rest_route=\/wp\/v2\/posts\/11284\/revisions"}],"predecessor-version":[{"id":11285,"href":"https:\/\/parafiabesko.pl\/index.php?rest_route=\/wp\/v2\/posts\/11284\/revisions\/11285"}],"wp:attachment":[{"href":"https:\/\/parafiabesko.pl\/index.php?rest_route=%2Fwp%2Fv2%2Fmedia&parent=11284"}],"wp:term":[{"taxonomy":"category","embeddable":true,"href":"https:\/\/parafiabesko.pl\/index.php?rest_route=%2Fwp%2Fv2%2Fcategories&post=11284"},{"taxonomy":"post_tag","embeddable":true,"href":"https:\/\/parafiabesko.pl\/index.php?rest_route=%2Fwp%2Fv2%2Ftags&post=11284"}],"curies":[{"name":"wp","href":"https:\/\/api.w.org\/{rel}","templated":true}]}}