{"id":11277,"date":"2025-09-07T06:52:02","date_gmt":"2025-09-07T04:52:02","guid":{"rendered":"https:\/\/parafiabesko.pl\/?p=11277"},"modified":"2025-09-07T06:54:48","modified_gmt":"2025-09-07T04:54:48","slug":"ogloszenia-parafialne-23-niedziela-zwykla-7-09-2025r","status":"publish","type":"post","link":"https:\/\/parafiabesko.pl\/?p=11277","title":{"rendered":"Og\u0142oszenia parafialne 23 Niedziela zwyk\u0142a 7.09.2025r."},"content":{"rendered":"\n<p>1<strong>.<\/strong> \u00a0Dzisiaj<strong> <\/strong>przypada <strong>Niedziela Adoracyjna,<\/strong> od godz.12.00 do 16.00 prywatna adoracja rodzin naszej Parafii, o godz.16.00 nabo\u017ce\u0144stwo r\u00f3\u017ca\u0144cowe i zmiana tajemnic, adoruje r\u00f3\u017ca Matki Bo\u017cej R\u00f3\u017ca\u0144cowej prze\u0142o\u017cona Beata Hedesz.<\/p>\n\n\n\n<p><strong>2. Przypominamy rodzicom dzieci Szko\u0142y Podstawowej w Besku o decyzji <\/strong><strong>PRZEWODNICZ\u0104CEGO KOMISJI WYCHOWANIA KATOLICKIEGO KONFERENCJI EPISKOPATU POLSKI, kt\u00f3ry apeluje do rodzic\u00f3w pisz\u0105c:<\/strong><\/p>\n\n\n\n<p><strong>&nbsp;&nbsp; \u201eDlatego zwracamy si\u0119 do Was, Drodzy Rodzice wyznaj\u0105cy katolick\u0105 wiar\u0119, aby\u015bcie g\u0142\u0119boko rozwa\u017cyli proponowane zaj\u0119cia z edukacji zdrowotnej <u>i nie wyra\u017cali zgody na udzia\u0142 swoich dzieci w tych zaj\u0119ciach.<\/u> Wz\u00f3r pisma do rezygnacji mo\u017cna znale\u017a\u0107 na stronie: <u>takdlaedukacji.pl<\/u> Zaj\u0119cia te nie s\u0105 obowi\u0105zkowe, je\u017celi jednak nie zadeklarujecie Pa\u0144stwo braku zgody do nieprzekraczalnej daty 25 wrze\u015bnia br., dziecko zostanie automatycznie zapisane do udzia\u0142u w tych lekcjach i b\u0119dzie mia\u0142o obowi\u0105zek w nich uczestniczy\u0107\u201d.<\/strong><\/p>\n\n\n\n<p><strong><br>3. Od pi\u0105tku trwa <\/strong>Nowenna przed g\u0142\u00f3wnym odpustem naszej Parafii: <strong>\u015awi\u0119ta Podwy\u017cszenia Krzy\u017ca \u015awi\u0119tego.<\/strong><\/p>\n\n\n\n<p>4. Taca z dzisiejszej niedziel przeznaczona na Wy\u017csze Seminarium Duchowne w Przemy\u015blu.<\/p>\n\n\n\n<p><strong>5. <\/strong>Dzisiaj na cerkwisku o godz. 13.00 zostanie odprawiona Msza \u015bw. w obrz\u0119dzie grekokatolickim. Organizatorzy serdecznie zapraszaj\u0105 na wsp\u00f3ln\u0105 modlitw\u0119.<\/p>\n\n\n\n<p><strong>6. Dzisiaj w ko\u015bciele parafialnym o godz. 14.00 Msza \u015bw. do\u017cynkowa Gminy Besko.<\/strong><strong><\/strong><\/p>\n\n\n\n<p>7. W poniedzia\u0142ek \u015awi\u0119to Narodzenia NMP w tradycji polskiej zwane Matki Bo\u017cej Siewnej rano i wieczorem po Mszy \u015bw. po\u015bwi\u0119cenie ziarna siewnego, a o godz. 18.00 modlitwa przy relikwiach \u015bw. Jana Paw\u0142a II.<\/p>\n\n\n\n<p>8. We wtorek o godz. 18.00 nabo\u017ce\u0144stwo do Bo\u017cego Mi\u0142osierdzia.<\/p>\n\n\n\n<p>9. We \u015brod\u0119 o godz. 18.00 nowenna do MB Nieustaj\u0105cej Pomocy.<\/p>\n\n\n\n<p>9. W sobot\u0119 o godz. 17.00 &nbsp;spowied\u017a przed odpustem parafialnym.<\/p>\n\n\n\n<p>10. <strong>W przysz\u0142\u0105 niedziel\u0119 14 wrze\u015bnia<\/strong> &#8211; <strong>\u015awi\u0119to Podwy\u017cszenia Krzy\u017ca \u015awi\u0119tego \u2013 g\u0142\u00f3wny odpust naszej Parafii<\/strong>. <strong>Porz\u0105dek Mszy \u015bw. w Besku:<\/strong><\/p>\n\n\n\n<p><strong>&#8211; &nbsp;godz. 7.30, 9.15<\/strong><\/p>\n\n\n\n<p><strong>&#8211; uroczysta suma o godz.11.00<\/strong>. Po &nbsp;sumie procesja eucharystyczna wok\u00f3\u0142 nowego ko\u015bcio\u0142a na kt\u00f3r\u0105 serdecznie zapraszamy ma\u0142e dzieci do sypania kwiat\u00f3w i dzieci z klasy czwartej w strojach pierwszokomunijnych, parafianki w strojach ludowych do niesienia obraz\u00f3w i figur. Na procesj\u0119 bierzemy krzy\u017c, ber\u0142o, chor\u0105gwie, feretron, baldachim, kandelabry. Po zako\u0144czeniu procesji eucharystycznej i od\u015bpiewaniu hymnu; Bo\u017ce co\u015b Polsk\u0119, zostan\u0105 po\u015bwi\u0119cone dewocjonalia.<\/p>\n\n\n\n<p><strong>&#8211; po po\u0142udniu o godz. 16.30<\/strong><\/p>\n\n\n\n<p>&nbsp;&nbsp; <strong><em>W tym dniu w naszej Parafii mo\u017cemy zyska\u0107 odpust zupe\u0142ny pod zwyk\u0142ymi warunkami.<\/em><\/strong><\/p>\n\n\n\n<p>11. We wtorek 2.09.2025r. zamontowano <strong>7 stacj\u0119 Drogi krzy\u017cowej \u2013 Drugi upadek Pana Jezusa<\/strong> w naszym parafialnym ko\u015bciele. Serdecznie dzi\u0119kujemy: Andrzejowi Romanowi, Danielowi Krzemi\u0144skiemu i J\u00f3zefowi Winiarskiemu za bezinteresowne wykonanie tej pracy. B\u00f3g zp\u0142a\u0107!<\/p>\n\n\n\n<p>12. <strong>Parafia w Besku sk\u0142ada panu Tomaszowi Ja\u015blarowi podzi\u0119kowanie za aktualizac<\/strong>j\u0119 <strong>strony internetowej naszej Parafii. B\u00f3g zap\u0142a\u0107!<\/strong><\/p>\n\n\n\n<p><\/p>\n","protected":false},"excerpt":{"rendered":"<p>1. \u00a0Dzisiaj przypada Niedziela Adoracyjna, od godz.12.00 do 16.00 prywatna adoracja rodzin naszej Parafii, o godz.16.00 nabo\u017ce\u0144stwo r\u00f3\u017ca\u0144cowe i zmiana tajemnic, adoruje r\u00f3\u017ca Matki Bo\u017cej R\u00f3\u017ca\u0144cowej prze\u0142o\u017cona Beata Hedesz. 2. Przypominamy rodzicom dzieci Szko\u0142y Podstawowej w Besku o decyzji PRZEWODNICZ\u0104CEGO KOMISJI WYCHOWANIA KATOLICKIEGO KONFERENCJI EPISKOPATU POLSKI, kt\u00f3ry apeluje do rodzic\u00f3w<span class=\"more-link\"><a href=\"https:\/\/parafiabesko.pl\/?p=11277\">Czytaj wi\u0119cej<\/a><\/span><\/p>\n","protected":false},"author":1,"featured_media":0,"comment_status":"closed","ping_status":"","sticky":false,"template":"","format":"standard","meta":{"footnotes":""},"categories":[7],"tags":[],"class_list":["entry","author-adminparafiibesko","post-11277","post","type-post","status-publish","format-standard","category-ogloszenia-parafialne"],"_links":{"self":[{"href":"https:\/\/parafiabesko.pl\/index.php?rest_route=\/wp\/v2\/posts\/11277","targetHints":{"allow":["GET"]}}],"collection":[{"href":"https:\/\/parafiabesko.pl\/index.php?rest_route=\/wp\/v2\/posts"}],"about":[{"href":"https:\/\/parafiabesko.pl\/index.php?rest_route=\/wp\/v2\/types\/post"}],"author":[{"embeddable":true,"href":"https:\/\/parafiabesko.pl\/index.php?rest_route=\/wp\/v2\/users\/1"}],"replies":[{"embeddable":true,"href":"https:\/\/parafiabesko.pl\/index.php?rest_route=%2Fwp%2Fv2%2Fcomments&post=11277"}],"version-history":[{"count":2,"href":"https:\/\/parafiabesko.pl\/index.php?rest_route=\/wp\/v2\/posts\/11277\/revisions"}],"predecessor-version":[{"id":11279,"href":"https:\/\/parafiabesko.pl\/index.php?rest_route=\/wp\/v2\/posts\/11277\/revisions\/11279"}],"wp:attachment":[{"href":"https:\/\/parafiabesko.pl\/index.php?rest_route=%2Fwp%2Fv2%2Fmedia&parent=11277"}],"wp:term":[{"taxonomy":"category","embeddable":true,"href":"https:\/\/parafiabesko.pl\/index.php?rest_route=%2Fwp%2Fv2%2Fcategories&post=11277"},{"taxonomy":"post_tag","embeddable":true,"href":"https:\/\/parafiabesko.pl\/index.php?rest_route=%2Fwp%2Fv2%2Ftags&post=11277"}],"curies":[{"name":"wp","href":"https:\/\/api.w.org\/{rel}","templated":true}]}}