{"id":1127,"date":"2013-08-28T08:12:13","date_gmt":"2013-08-28T08:12:13","guid":{"rendered":"http:\/\/parafiabesko.pl\/?p=1127"},"modified":"2013-08-28T08:12:13","modified_gmt":"2013-08-28T08:12:13","slug":"wychowywac-do-wartosci","status":"publish","type":"post","link":"https:\/\/parafiabesko.pl\/?p=1127","title":{"rendered":"WYCHOWYWA\u0106 DO WARTO\u015aCI"},"content":{"rendered":"<p style=\"text-align: justify;\">\n\t<strong>List Pasterski Episkopatu Polski z okazji III Tygodnia Wychowania <\/strong>\n<\/p>\n<p style=\"text-align: justify;\">\n\t<strong>15-21 wrze\u015bnia 2013 roku<\/strong>\n<\/p>\n<p><!--more--><\/p>\n<p style=\"text-align: justify;\">\n\t&nbsp;\n<\/p>\n<p style=\"text-align: justify;\">\n\tUmi\u0142owani w Chrystusie Panu, Siostry i Bracia,\n<\/p>\n<p style=\"text-align: justify;\">\n\tKochani Rodzice, Nauczyciele i Wychowawcy,\n<\/p>\n<p style=\"text-align: justify;\">\n\tDroga M\u0142odzie\u017cy, Kochane Dzieci!\n<\/p>\n<p style=\"text-align: justify;\">\n\t&nbsp;\n<\/p>\n<p style=\"text-align: justify;\">\n\tJutro w polskich szko\u0142ach i przedszkolach rozpocznie si\u0119 nowy rok szkolny i katechetyczny. W trwaj\u0105cym Roku Wiary po raz kolejny otwieramy nasze serca i umys\u0142y na dar wiary. Wiara nadaje sens wszystkim naszym wysi\u0142kom. Pomaga odkrywa\u0107 prawdziwe dobro, ustala prawid\u0142ow\u0105 hierarchi\u0119 warto\u015bci, przenika ca\u0142e \u017cycie cz\u0142owieka &ndash; jak uczy papie\u017c Franciszek w encyklice o wierze (por. <em>Lumen fidei 4)<\/em>.\n<\/p>\n<p style=\"text-align: justify;\">\n\tNa pocz\u0105tku nowego roku szkolnego, w dniach od 15 do 21 wrze\u015bnia, b\u0119dziemy prze\u017cywa\u0107 III Tydzie\u0144 Wychowania. Niech to b\u0119dzie czas wsp&oacute;lnej refleksji, a zw\u0142aszcza wsp&oacute;lnotowej modlitwy o ducha m\u0105drego wychowania w polskich domach i w polskiej szkole. Po u\u015bwiadomieniu sobie, \u017ce wszyscy powinni\u015bmy wychowywa\u0107 oraz \u017ce istotn\u0105 rol\u0119 w wychowaniu odgrywa rodzina, w tym roku pragniemy zwr&oacute;ci\u0107 nasz\u0105 uwag\u0119 na konieczno\u015b\u0107 wychowania do warto\u015bci. Nie chodzi jednak o jakiekolwiek warto\u015bci, ale o te, kt&oacute;re s\u0105 istotne dla rozwoju cz\u0142owieka, dla jego \u017cycia w duchu chrze\u015bcija\u0144skim i \u017cycia zgodnego z wiar\u0105. Znakiem dzisiejszych czas&oacute;w jest bowiem zanik przejrzystej hierarchii warto\u015bci i upadek autorytet&oacute;w, kt&oacute;rych \u017cycie weryfikowa\u0142oby wyznawane warto\u015bci oraz ich hierarchi\u0119. Zauwa\u017cmy, \u017ce brak wychowania do podstawowych warto\u015bci cz\u0119sto prowadzi do utraty sensu i celu \u017cycia, do wygodnictwa \u017cyciowego, a nawet relatywizmu moralnego.\n<\/p>\n<p style=\"text-align: justify;\">\n\t<strong>1. B&oacute;g mi\u0142uje pokornych<\/strong>\n<\/p>\n<p style=\"text-align: justify;\">\n\tTak jak w ka\u017cd\u0105 niedziel\u0119, ws\u0142uchujemy si\u0119 dzi\u015b w s\u0142owo Bo\u017ce. Stawiamy pytanie: co dzisiaj w odczytywanych tekstach m&oacute;wi do nas Pan B&oacute;g? Podczas liturgii S\u0142owa s\u0142yszeli\u015bmy: &bdquo;Synu, z \u0142agodno\u015bci\u0105 wykonuj swe sprawy, a ka\u017cdy, kto jest prawy, b\u0119dzie ci\u0119 mi\u0142owa\u0142. O ile wielki jeste\u015b, o tyle si\u0119 uni\u017caj, a znajdziesz \u0142ask\u0119 u Pana. Wielka jest bowiem pot\u0119ga Pana i przez pokornych bywa chwalony&rdquo; (Syr 3,17). &bdquo;Ka\u017cdy bowiem, kto si\u0119 wywy\u017csza, b\u0119dzie poni\u017cony, a kto si\u0119 poni\u017ca, b\u0119dzie wywy\u017cszony&rdquo; (\u0141k 14, 11).\n<\/p>\n<p style=\"text-align: justify;\">\n\tS\u0142owem, kt&oacute;re spaja dzisiejsze teksty biblijne jest POKORA. Chrze\u015bcijanin, wierny nauce Ewangelii, powinien ka\u017cdego dnia coraz bardziej i\u015b\u0107 drog\u0105 pokory. Pokora bowiem to umiej\u0119tno\u015b\u0107 patrzenia na siebie w prawdzie.\n<\/p>\n<p style=\"text-align: justify;\">\n\tCz\u0142owiek pokorny nie wywy\u017csza si\u0119 nad innych, a zw\u0142aszcza nie uznaje siebie za centrum \u015bwiata. Pokora jest przeciwie\u0144stwem pychy, czyli przesadnego skupienia na sobie. Drog\u0119 pokory otworzy\u0142 sam B&oacute;g, kt&oacute;ry w Jezusie Chrystusie wszed\u0142 w histori\u0119 zbawienia jako zwyczajny cz\u0142owiek. W tym mamy by\u0107 podobni do Jezusa, kt&oacute;ry zwracaj\u0105c si\u0119 do swoich uczni&oacute;w, m&oacute;wi\u0142: &bdquo;Uczcie si\u0119 ode Mnie, bo jestem cichy i pokorny sercem&rdquo; (Mt 11,29). T\u0105 drog\u0105 pod\u0105\u017cali p&oacute;\u017aniej tak\u017ce \u015bwi\u0119ci, a w\u015br&oacute;d nich \u015bw. Stanis\u0142aw Kostka, patron polskiej m\u0142odzie\u017cy, kt&oacute;rego \u015bwi\u0119to b\u0119dziemy obchodzi\u0107 w Tygodniu Wychowania.\n<\/p>\n<p style=\"text-align: justify;\">\n\tPokora nie oznacza, \u017ce cz\u0142owiek ma si\u0119 czu\u0107 osob\u0105 mniej warto\u015bciow\u0105. Przeciwnie &ndash; mo\u017ce i powinien on by\u0107 \u015bwiadomy swoich mo\u017cliwo\u015bci oraz otrzymanych od Boga talent&oacute;w. Zauwa\u017cmy, \u017ce w\u0142a\u015bnie pokora jest podstaw\u0105 budowania bezinteresownych i pozytywnych relacji z drugim cz\u0142owiekiem, nacechowanych szacunkiem i odpowiedzialno\u015bci\u0105. Natomiast pycha i koncentrowanie si\u0119 na sobie nie pozwalaj\u0105 na budowanie takich relacji. Je\u015bli takie postawy s\u0105 akceptowane w wychowaniu, to zar&oacute;wno wychowankowie, jak i wychowawcy skupiaj\u0105 si\u0119 tylko na swoim sukcesie i nie zauwa\u017caj\u0105 wok&oacute;\u0142 siebie innych.\n<\/p>\n<p style=\"text-align: justify;\">\n\tMo\u017cna dzi\u015b dostrzec, \u017ce wielu m\u0142odych ludzi patrzy w przysz\u0142o\u015b\u0107 z l\u0119kiem. Z niepokojem pytaj\u0105: jak mamy \u017cy\u0107 w spo\u0142ecze\u0144stwie, w kt&oacute;rym tak wiele jest niesprawiedliwo\u015bci i cierpienia, w kt&oacute;rym nie liczy si\u0119 prawo\u015b\u0107 i uczciwo\u015b\u0107? Jak reagowa\u0107 na egoizm i przemoc, kt&oacute;re czasem zdaj\u0105 si\u0119 dominowa\u0107? Jak nada\u0107 swojemu \u017cyciu prawdziwy sens? To s\u0105 w\u0142a\u015bnie pytania o warto\u015bci, czyli o to, co w \u017cyciu najwa\u017cniejsze.\n<\/p>\n<p style=\"text-align: justify;\">\n\t<strong>2. Wychowanie do warto\u015bci<\/strong>\n<\/p>\n<p style=\"text-align: justify;\">\n\tKiedy m&oacute;wimy o wychowaniu do warto\u015bci, najcz\u0119\u015bciej my\u015blimy o warto\u015bciach og&oacute;lnoludzkich, a rzadziej chrze\u015bcija\u0144skich. \u017bycie pokazuje, \u017ce obecnie wychowanie skierowane jest przede wszystkim na warto\u015bci praktyczne, materialne i sprawiaj\u0105ce przyjemno\u015b\u0107. Wydaje si\u0119, \u017ce problemem jest r&oacute;wnie\u017c brak zgodno\u015bci mi\u0119dzy warto\u015bciami deklarowanymi i rzeczywi\u015bcie przekazywanymi, co wywo\u0142uje dezorientacj\u0119 w\u015br&oacute;d dzieci i m\u0142odzie\u017cy. Sytuacja taka prowadzi z kolei do wzrostu nieufno\u015bci, poczucia uczestnictwa w grze pozor&oacute;w, a w rezultacie do cynizmu i agresji wobec wszelkich przekaz&oacute;w zwi\u0105zanych z warto\u015bciami. Dotyczy to w pierwszym rz\u0119dzie rodziny i szko\u0142y, wobec kt&oacute;rych oczekiwania s\u0105 przecie\u017c najwi\u0119ksze, a rozczarowania najbardziej bolesne.\n<\/p>\n<p style=\"text-align: justify;\">\n\tW\u015br&oacute;d warto\u015bci niezb\u0119dnych w \u017cyciu chrze\u015bcijanina trzeba wskaza\u0107 &ndash; obok pokory &ndash; na zwi\u0105zane z ni\u0105: \u0142agodno\u015b\u0107, dobro\u0107, cierpliwo\u015b\u0107, gotowo\u015b\u0107 do wybaczania, wierno\u015b\u0107, uprzejmo\u015b\u0107, opanowanie (por. Ga 5,22-24 i Kol 3,12-14). S\u0105 one dzi\u015b szczeg&oacute;lnie zagro\u017cone wszechobecn\u0105 agresj\u0105, brutalno\u015bci\u0105 s\u0142&oacute;w i zachowa\u0144, a tak\u017ce bezwzgl\u0119dn\u0105 walk\u0105 o w\u0142asne korzy\u015bci, oboj\u0119tno\u015bci\u0105 na sytuacj\u0119 s\u0142abszych, powszechn\u0105 nieufno\u015bci\u0105, a nawet wzajemn\u0105 nienawi\u015bci\u0105. Taka sytuacja wymaga od wszystkich \u015brodowisk wychowawczych ogromnego wysi\u0142ku wychowywania do warto\u015bci i postaw chroni\u0105cych relacje mi\u0119dzyludzkie.\n<\/p>\n<p style=\"text-align: justify;\">\n\tWychowanie do warto\u015bci rozpoczyna si\u0119 w rodzinie. Ce\u0144my zatem czas wsp&oacute;lnych rodzinnych spotka\u0144, rozm&oacute;w, posi\u0142ku, wsp&oacute;lnego wypoczywania. Codzienne bycie razem uczy bowiem wzajemnego zrozumienia, zaufania, ofiarnej mi\u0142o\u015bci i prawdziwej przyja\u017ani. Wsp&oacute;lne przebywanie kszta\u0142tuje ponadto postaw\u0119 s\u0142u\u017cby i dobroci gotowej na dzielenie si\u0119 rado\u015bci\u0105, a jednocze\u015bnie odpornej na trudne problemy i emocje. W rodzinie powinni\u015bmy uczy\u0107 si\u0119 zwracaniu do siebie z mi\u0142o\u015bci\u0105, szacunkiem i serdeczno\u015bci\u0105.\n<\/p>\n<p style=\"text-align: justify;\">\n\tOgromne pole do dzia\u0142ania w zakresie wychowania do warto\u015bci ma szko\u0142a, kt&oacute;ra powinna wspiera\u0107 rodzic&oacute;w w wychowywaniu dzieci. Niezwykle wa\u017cne jest, aby szko\u0142a budowa\u0142a sw&oacute;j program wychowawczy w \u015bcis\u0142ym porozumieniu z rodzicami. W programie tym powinny by\u0107 wyra\u017anie nazwane i wyja\u015bnione warto\u015bci, na kt&oacute;rych oparty jest system wychowawczy.\n<\/p>\n<p style=\"text-align: justify;\">\n\tWobec coraz odwa\u017cniejszych pr&oacute;b wprowadzania do polskich szk&oacute;\u0142 edukacji seksualnej, sprzecznej z chrze\u015bcija\u0144ska wizj\u0105 cz\u0142owieka, apelujemy do rodzic&oacute;w: czuwajcie nad tym, co szko\u0142a przekazuje waszym dzieciom! Przypominamy, \u017ce bez zgody rodzic&oacute;w szko\u0142a nie mo\u017ce realizowa\u0107 programu wychowawczego ani pozwala\u0107 na nauczanie przedmiot&oacute;w, kt&oacute;rych tre\u015bci s\u0105 sprzeczne z ich przekonaniami lub wprost demoralizuj\u0105ce. Prawo o\u015bwiatowe m&oacute;wi wyra\u017anie o konieczno\u015bci respektowania przez szko\u0142\u0119 publiczn\u0105 chrze\u015bcija\u0144skiego systemu warto\u015bci (por. <em>Ustawa o systemie o\u015bwiaty &ndash; preambu\u0142a<\/em>). Powierzaj\u0105c swoje dziecko szkole, rodzice nie powinni zgodzi\u0107 si\u0119 na edukacj\u0119, kt&oacute;ra by\u0142aby sprzeczna z ich przekonaniami i wyznawanymi warto\u015bciami.\n<\/p>\n<p style=\"text-align: justify;\">\n\tJak zawsze w wychowywaniu do warto\u015bci rol\u0119 nie do przecenienia pe\u0142ni\u0105 sami wychowawcy. B\u0119d\u0105c przyk\u0142adem i wzorem dla swoich uczni&oacute;w, musz\u0105 by\u0107 \u015bwiadomi, \u017ce w\u0142asnym \u017cyciem prezentuj\u0105 okre\u015blony \u015bwiat warto\u015bci. Nauczyciel i wychowawca nie mo\u017ce by\u0107 neutralny. Nie powinien wi\u0119c zagubi\u0107 w\u0142a\u015bciwej hierarchii warto\u015bci zar&oacute;wno w \u017cyciu osobisty, jak i zawodowym. Musi by\u0107 \u015bwiadkiem warto\u015bci, kt&oacute;re wyznaje.\n<\/p>\n<p style=\"text-align: justify;\">\n\t<strong>3. Pokorna odwaga wiary<\/strong>\n<\/p>\n<p style=\"text-align: justify;\">\n\tSzczeg&oacute;ln\u0105 warto\u015bci\u0105, w oparciu o kt&oacute;r\u0105 i do kt&oacute;rej nale\u017cy wychowywa\u0107 m\u0142ode pokolenie, jest wiara. Wiara jest \u0142ask\u0105, a wi\u0119c niezas\u0142u\u017conym darem Bo\u017cym. Domaga si\u0119 jednak \u015bwiadomej i wolnej odpowiedzi cz\u0142owieka. Ten zwi\u0105zek wiary z wychowaniem u\u015bwiadamiamy sobie wyra\u017anie w trwaj\u0105cym Roku Wiary. Wyznawanie wiary przejawia si\u0119 w odwa\u017cnym i m\u0119\u017cnym stawaniu w obronie warto\u015bci z niej wyp\u0142ywaj\u0105cych. Chodzi o obron\u0119 warto\u015bci chrze\u015bcija\u0144skich, coraz cz\u0119\u015bciej eliminowanych z \u017cycia publicznego, a zw\u0142aszcza chrze\u015bcija\u0144skiej wizji mi\u0142o\u015bci, ma\u0142\u017ce\u0144stwa i rodziny.\n<\/p>\n<p style=\"text-align: justify;\">\n\tWiara potrzebuje r&oacute;wnie\u017c pokory prowadz\u0105cej do przekonania, \u017ce na Bogu, jako fundamencie, mamy budowa\u0107 nasze \u017cycie. Niech zatem pokora b\u0119dzie podstaw\u0105 wychowania do warto\u015bci. Jest ona dlatego tak wa\u017cna, \u017ce B&oacute;g got&oacute;w jest da\u0107 wszystko cz\u0142owiekowi, kt&oacute;ry jest \u015bwiadomy w\u0142asnej niewystarczalno\u015bci i s\u0142abo\u015bci. Wiara i ufno\u015b\u0107 pok\u0142adana w Bogu, dla kt&oacute;rego nie ma rzeczy niemo\u017cliwych, niech wi\u0119c przenikaj\u0105 nasze \u017cycie oparte na chrze\u015bcija\u0144skich warto\u015bciach.\n<\/p>\n<p style=\"text-align: justify;\">\n\t<strong>Zako\u0144czenie <\/strong>\n<\/p>\n<p style=\"text-align: justify;\">\n\tZach\u0119camy wszystkie \u015brodowiska wychowawcze do w\u0142\u0105czenia si\u0119 we wsp&oacute;lne prze\u017cywanie III Tygodnia Wychowania. Zaproszenie to kierujemy do rodzic&oacute;w, duszpasterzy, nauczycieli i wychowawc&oacute;w, do os&oacute;b odpowiedzialnych za kszta\u0142t edukacji, do samorz\u0105dowc&oacute;w i wszystkich ludzi dobrej woli, kt&oacute;rym zale\u017cy na wychowaniu przysz\u0142ych pokole\u0144 Polak&oacute;w. Niech Maryja, pokorna S\u0142u\u017cebnica Pa\u0144ska, uczy nas wiary i pokory w poszukiwaniu tego, co najwa\u017cniejsze; niech uczy m\u0105dro\u015bci i pomaga otwiera\u0107 si\u0119 na &bdquo;wielkie rzeczy&rdquo;, jakie B&oacute;g czyni dla nas i przez nas.\n<\/p>\n<p style=\"text-align: justify;\">\n\tNa nowy rok pracy wychowawczej i kolejny Tydzie\u0144 Wychowania udzielamy wszystkim pasterskiego b\u0142ogos\u0142awie\u0144stwa.\n<\/p>\n<p style=\"text-align: justify;\">\n\t&nbsp;\n<\/p>\n<p style=\"text-align: right;\">\n\t<em>Podpisali: Kardyna\u0142owie, Arcybiskupi i Biskupi obecni na 362. Zebraniu Plenarnym Konferencji Episkopatu Polski, <\/em>\n<\/p>\n<p style=\"text-align: right;\">\n\t<em>Krak&oacute;w 21 czerwca 2013 r.<\/em>\n<\/p>\n<p style=\"text-align: justify;\">\n\t(Do odczytania w XXII niedziel\u0119 zwyk\u0142\u0105 &bdquo;C&rdquo;, 1wrze\u015bnia 2013 roku)<\/p>\n","protected":false},"excerpt":{"rendered":"<p>List Pasterski Episkopatu Polski z okazji III Tygodnia Wychowania 15-21 wrze\u015bnia 2013 roku<span class=\"more-link\"><a href=\"https:\/\/parafiabesko.pl\/?p=1127\">Czytaj wi\u0119cej<\/a><\/span><\/p>\n","protected":false},"author":1,"featured_media":668,"comment_status":"closed","ping_status":"open","sticky":false,"template":"","format":"standard","meta":{"footnotes":""},"categories":[6],"tags":[],"class_list":["entry","author-adminparafiibesko","has-more-link","post-1127","post","type-post","status-publish","format-standard","has-post-thumbnail","category-uncategorized"],"_links":{"self":[{"href":"https:\/\/parafiabesko.pl\/index.php?rest_route=\/wp\/v2\/posts\/1127","targetHints":{"allow":["GET"]}}],"collection":[{"href":"https:\/\/parafiabesko.pl\/index.php?rest_route=\/wp\/v2\/posts"}],"about":[{"href":"https:\/\/parafiabesko.pl\/index.php?rest_route=\/wp\/v2\/types\/post"}],"author":[{"embeddable":true,"href":"https:\/\/parafiabesko.pl\/index.php?rest_route=\/wp\/v2\/users\/1"}],"replies":[{"embeddable":true,"href":"https:\/\/parafiabesko.pl\/index.php?rest_route=%2Fwp%2Fv2%2Fcomments&post=1127"}],"version-history":[{"count":0,"href":"https:\/\/parafiabesko.pl\/index.php?rest_route=\/wp\/v2\/posts\/1127\/revisions"}],"wp:featuredmedia":[{"embeddable":true,"href":"https:\/\/parafiabesko.pl\/index.php?rest_route=\/"}],"wp:attachment":[{"href":"https:\/\/parafiabesko.pl\/index.php?rest_route=%2Fwp%2Fv2%2Fmedia&parent=1127"}],"wp:term":[{"taxonomy":"category","embeddable":true,"href":"https:\/\/parafiabesko.pl\/index.php?rest_route=%2Fwp%2Fv2%2Fcategories&post=1127"},{"taxonomy":"post_tag","embeddable":true,"href":"https:\/\/parafiabesko.pl\/index.php?rest_route=%2Fwp%2Fv2%2Ftags&post=1127"}],"curies":[{"name":"wp","href":"https:\/\/api.w.org\/{rel}","templated":true}]}}