{"id":1124,"date":"2013-08-25T12:33:37","date_gmt":"2013-08-25T12:33:37","guid":{"rendered":"http:\/\/parafiabesko.pl\/?p=1124"},"modified":"2013-08-25T12:33:37","modified_gmt":"2013-08-25T12:33:37","slug":"ogloszenia-25-08-2013","status":"publish","type":"post","link":"https:\/\/parafiabesko.pl\/?p=1124","title":{"rendered":"Og\u0142oszenia 25.08.2013"},"content":{"rendered":"<p style=\"text-align: justify;\">\n\t1. W poniedzia\u0142ek 26 sierpnia, Uroczysto\u015b\u0107 NMP Cz\u0119stochowskiej.\n<\/p>\n<p><!--more--><\/p>\n<p style=\"text-align: justify;\">\n\t2. We wtorek o godz. 18.00 nabo\u017ce\u0144stwo do Bo\u017cego Mi\u0142osierdzia.\n<\/p>\n<p style=\"text-align: justify;\">\n\t3. W \u015brod\u0119 o godz. 18.00 Nowenna do Matki Bo\u017cej Nieustaj\u0105cej Pomocy.\n<\/p>\n<p style=\"text-align: justify;\">\n\t4. W sobot\u0119 31 sierpnia. od godz.17.00 spowied\u017a dzieci i m\u0142odzie\u017cy na rozpocz\u0119cie nowego roku szkolnego i katechetycznego. Prosimy rodzic&oacute;w, aby przypomnieli swoim dzieciom o spowiedzi.\n<\/p>\n<p style=\"text-align: justify;\">\n\t5. W przysz\u0142\u0105 niedziel\u0119 &ndash; Niedziela Adoracyjna. Od godziny 12.00 &#8211; 16.00 prywatna adoracja rodzin. O godzinie 16.00 Nabo\u017ce\u0144stwo r&oacute;\u017ca\u0144cowe i zmiana tajemnic r&oacute;\u017ca\u0144cowych. Adoruje r&oacute;\u017ca&nbsp; Heleny Kuzian.\n<\/p>\n<p style=\"text-align: justify;\">\n\t6. Decyzj\u0105 Ksi\u0119dza Arcybiskupa z dniem wczorajszym zako\u0144czy\u0142 w naszej Parafii pos\u0142ug\u0119 wikariusza ks. Pawe\u0142 Sobol, kt&oacute;ry zosta\u0142 skierowany od pos\u0142ugi duszpasterskiej w Parafii Ka\u0144czuga &ndash; za dwuletni\u0105 prac\u0119 i zaanga\u017cowanie sk\u0142adamy serdeczne B&oacute;g zap\u0142a\u0107! polecaj\u0105c modlitwom Parafian tego gorliwego kap\u0142ana. Jednocze\u015bnie z dniem wczorajszym pos\u0142ug\u0119 wikariusza w naszej Parafii rozpocz\u0105\u0142 ks. Maciej Flader &#8211; neoprezbiter z Parafii Medyka, \u017cyczymy wiele \u0142ask Bo\u017cych i kap\u0142a\u0144skiej rado\u015bci z pracy w naszej Parafii.\n<\/p>\n<p style=\"text-align: justify;\">\n\t&nbsp;7. Dzi\u0119kujemy za ofiary od rodzin z\u0142o\u017cone na dalsze prace przy ko\u015bciele. B&oacute;g zap\u0142a\u0107!<\/p>\n","protected":false},"excerpt":{"rendered":"<p>1. W poniedzia\u0142ek 26 sierpnia, Uroczysto\u015b\u0107 NMP Cz\u0119stochowskiej.<span class=\"more-link\"><a href=\"https:\/\/parafiabesko.pl\/?p=1124\">Czytaj wi\u0119cej<\/a><\/span><\/p>\n","protected":false},"author":1,"featured_media":1059,"comment_status":"closed","ping_status":"open","sticky":false,"template":"","format":"standard","meta":{"footnotes":""},"categories":[7],"tags":[],"class_list":["entry","author-adminparafiibesko","has-more-link","post-1124","post","type-post","status-publish","format-standard","has-post-thumbnail","category-ogloszenia-parafialne"],"_links":{"self":[{"href":"https:\/\/parafiabesko.pl\/index.php?rest_route=\/wp\/v2\/posts\/1124","targetHints":{"allow":["GET"]}}],"collection":[{"href":"https:\/\/parafiabesko.pl\/index.php?rest_route=\/wp\/v2\/posts"}],"about":[{"href":"https:\/\/parafiabesko.pl\/index.php?rest_route=\/wp\/v2\/types\/post"}],"author":[{"embeddable":true,"href":"https:\/\/parafiabesko.pl\/index.php?rest_route=\/wp\/v2\/users\/1"}],"replies":[{"embeddable":true,"href":"https:\/\/parafiabesko.pl\/index.php?rest_route=%2Fwp%2Fv2%2Fcomments&post=1124"}],"version-history":[{"count":0,"href":"https:\/\/parafiabesko.pl\/index.php?rest_route=\/wp\/v2\/posts\/1124\/revisions"}],"wp:featuredmedia":[{"embeddable":true,"href":"https:\/\/parafiabesko.pl\/index.php?rest_route=\/"}],"wp:attachment":[{"href":"https:\/\/parafiabesko.pl\/index.php?rest_route=%2Fwp%2Fv2%2Fmedia&parent=1124"}],"wp:term":[{"taxonomy":"category","embeddable":true,"href":"https:\/\/parafiabesko.pl\/index.php?rest_route=%2Fwp%2Fv2%2Fcategories&post=1124"},{"taxonomy":"post_tag","embeddable":true,"href":"https:\/\/parafiabesko.pl\/index.php?rest_route=%2Fwp%2Fv2%2Ftags&post=1124"}],"curies":[{"name":"wp","href":"https:\/\/api.w.org\/{rel}","templated":true}]}}