{"id":11189,"date":"2025-08-23T15:09:04","date_gmt":"2025-08-23T15:09:04","guid":{"rendered":"https:\/\/parafiabesko.pl\/?p=11189"},"modified":"2025-08-23T15:09:04","modified_gmt":"2025-08-23T15:09:04","slug":"ogloszenia-parafialne-21-niedziela-zwykla-24-08-2025r","status":"publish","type":"post","link":"https:\/\/parafiabesko.pl\/?p=11189","title":{"rendered":"Og\u0142oszenia parafialne 21 Niedziela zwyk\u0142a 24.08.2025r."},"content":{"rendered":"<p>21  Niedziela zwyk\u0142a<br \/>\n24.08.2024 rok<\/p>\n<p>1.  Decyzj\u0105 ksi\u0119dza arcybiskupa Metropolity Przemyskiego Adama Szala pos\u0142ug\u0119 wikariusza rozpocz\u0105\u0142 w naszej Parafii ks. Jacek Mago\u0144. \u017byczymy nowemu wikariuszowi wiele rado\u015bci kap\u0142a\u0144skiej w pracy duszpasterskiej w naszej Parafii.<\/p>\n<p>2. W poniedzia\u0142ek o godz. 18.00 modlitwa przy relikwiach \u015bw. Jana Paw\u0142a II. O godz. 19.30 Msza \u015bw. dla m\u0119\u017cczyzn. Serdecznie zapraszamy.<\/p>\n<p>3. We wtorek Uroczysto\u015b\u0107 MB Cz\u0119stochowskiej, o godz. 18.00 nabo\u017ce\u0144stwo do Bo\u017cego Mi\u0142osierdzia.<\/p>\n<p>4. We \u015brod\u0119 o godz. 18.00 nowenna do MB Nieustaj\u0105cej Pomocy.<\/p>\n<p>5. Spowied\u017a na rozpocz\u0119cie nowego roku szkolnego i katechetycznego w najbli\u017csz\u0105 sobot\u0119 od godz. 17.00. Prosimy rodzic\u00f3w, aby przypomnieli dzieciom o spowiedzi.<\/p>\n","protected":false},"excerpt":{"rendered":"<p>21 Niedziela zwyk\u0142a 24.08.2024 rok 1. Decyzj\u0105 ksi\u0119dza arcybiskupa Metropolity Przemyskiego Adama Szala pos\u0142ug\u0119 wikariusza rozpocz\u0105\u0142 w naszej Parafii ks. Jacek Mago\u0144. \u017byczymy nowemu wikariuszowi wiele rado\u015bci kap\u0142a\u0144skiej w pracy duszpasterskiej w naszej Parafii. 2. W poniedzia\u0142ek o godz. 18.00 modlitwa przy relikwiach \u015bw. Jana Paw\u0142a II. O godz. 19.30<span class=\"more-link\"><a href=\"https:\/\/parafiabesko.pl\/?p=11189\">Czytaj wi\u0119cej<\/a><\/span><\/p>\n","protected":false},"author":1,"featured_media":0,"comment_status":"closed","ping_status":"open","sticky":false,"template":"","format":"standard","meta":{"footnotes":""},"categories":[7],"tags":[],"class_list":["entry","author-adminparafiibesko","post-11189","post","type-post","status-publish","format-standard","category-ogloszenia-parafialne"],"_links":{"self":[{"href":"https:\/\/parafiabesko.pl\/index.php?rest_route=\/wp\/v2\/posts\/11189","targetHints":{"allow":["GET"]}}],"collection":[{"href":"https:\/\/parafiabesko.pl\/index.php?rest_route=\/wp\/v2\/posts"}],"about":[{"href":"https:\/\/parafiabesko.pl\/index.php?rest_route=\/wp\/v2\/types\/post"}],"author":[{"embeddable":true,"href":"https:\/\/parafiabesko.pl\/index.php?rest_route=\/wp\/v2\/users\/1"}],"replies":[{"embeddable":true,"href":"https:\/\/parafiabesko.pl\/index.php?rest_route=%2Fwp%2Fv2%2Fcomments&post=11189"}],"version-history":[{"count":0,"href":"https:\/\/parafiabesko.pl\/index.php?rest_route=\/wp\/v2\/posts\/11189\/revisions"}],"wp:attachment":[{"href":"https:\/\/parafiabesko.pl\/index.php?rest_route=%2Fwp%2Fv2%2Fmedia&parent=11189"}],"wp:term":[{"taxonomy":"category","embeddable":true,"href":"https:\/\/parafiabesko.pl\/index.php?rest_route=%2Fwp%2Fv2%2Fcategories&post=11189"},{"taxonomy":"post_tag","embeddable":true,"href":"https:\/\/parafiabesko.pl\/index.php?rest_route=%2Fwp%2Fv2%2Ftags&post=11189"}],"curies":[{"name":"wp","href":"https:\/\/api.w.org\/{rel}","templated":true}]}}