{"id":11184,"date":"2025-08-17T13:30:07","date_gmt":"2025-08-17T13:30:07","guid":{"rendered":"https:\/\/parafiabesko.pl\/?p=11184"},"modified":"2025-08-17T13:30:07","modified_gmt":"2025-08-17T13:30:07","slug":"ogloszenia-parafialne-20-niedziela-zwykla-17-08-2025r","status":"publish","type":"post","link":"https:\/\/parafiabesko.pl\/?p=11184","title":{"rendered":"Og\u0142oszenia parafialne 20 Niedziela zwyk\u0142a 17.08.2025r."},"content":{"rendered":"<p>20 Niedziela zwyk\u0142a<br \/>\n17.08.2025r.<\/p>\n<p>1. W poniedzia\u0142ek o godz. 18.00 modlitwa przy relikwiach \u015bw. Jana Paw\u0142a II.<\/p>\n<p>2. We wtorek o godz. 18.00 nabo\u017ce\u0144stwo do Bo\u017cego Mi\u0142osierdzia.<\/p>\n<p>3. We \u015brod\u0119 o godz. 18.00 Nowenna do MB Nieustaj\u0105cej Pomocy.<\/p>\n","protected":false},"excerpt":{"rendered":"<p>20 Niedziela zwyk\u0142a 17.08.2025r. 1. W poniedzia\u0142ek o godz. 18.00 modlitwa przy relikwiach \u015bw. Jana Paw\u0142a II. 2. We wtorek o godz. 18.00 nabo\u017ce\u0144stwo do Bo\u017cego Mi\u0142osierdzia. 3. We \u015brod\u0119 o godz. 18.00 Nowenna do MB Nieustaj\u0105cej Pomocy.<span class=\"more-link\"><a href=\"https:\/\/parafiabesko.pl\/?p=11184\">Czytaj wi\u0119cej<\/a><\/span><\/p>\n","protected":false},"author":1,"featured_media":0,"comment_status":"closed","ping_status":"open","sticky":false,"template":"","format":"standard","meta":{"footnotes":""},"categories":[7],"tags":[],"class_list":["entry","author-adminparafiibesko","post-11184","post","type-post","status-publish","format-standard","category-ogloszenia-parafialne"],"_links":{"self":[{"href":"https:\/\/parafiabesko.pl\/index.php?rest_route=\/wp\/v2\/posts\/11184","targetHints":{"allow":["GET"]}}],"collection":[{"href":"https:\/\/parafiabesko.pl\/index.php?rest_route=\/wp\/v2\/posts"}],"about":[{"href":"https:\/\/parafiabesko.pl\/index.php?rest_route=\/wp\/v2\/types\/post"}],"author":[{"embeddable":true,"href":"https:\/\/parafiabesko.pl\/index.php?rest_route=\/wp\/v2\/users\/1"}],"replies":[{"embeddable":true,"href":"https:\/\/parafiabesko.pl\/index.php?rest_route=%2Fwp%2Fv2%2Fcomments&post=11184"}],"version-history":[{"count":0,"href":"https:\/\/parafiabesko.pl\/index.php?rest_route=\/wp\/v2\/posts\/11184\/revisions"}],"wp:attachment":[{"href":"https:\/\/parafiabesko.pl\/index.php?rest_route=%2Fwp%2Fv2%2Fmedia&parent=11184"}],"wp:term":[{"taxonomy":"category","embeddable":true,"href":"https:\/\/parafiabesko.pl\/index.php?rest_route=%2Fwp%2Fv2%2Fcategories&post=11184"},{"taxonomy":"post_tag","embeddable":true,"href":"https:\/\/parafiabesko.pl\/index.php?rest_route=%2Fwp%2Fv2%2Ftags&post=11184"}],"curies":[{"name":"wp","href":"https:\/\/api.w.org\/{rel}","templated":true}]}}