{"id":11180,"date":"2025-08-10T14:08:35","date_gmt":"2025-08-10T14:08:35","guid":{"rendered":"https:\/\/parafiabesko.pl\/?p=11180"},"modified":"2025-08-10T14:08:35","modified_gmt":"2025-08-10T14:08:35","slug":"ogloszenia-parafialne-19-niedziela-zwykla-10-08-2025r","status":"publish","type":"post","link":"https:\/\/parafiabesko.pl\/?p=11180","title":{"rendered":"Og\u0142oszenia parafialne 19 Niedziela zwyk\u0142a 10.08.2025r."},"content":{"rendered":"<p>19 Niedziela zwyk\u0142a<br \/>\n10.08.2025r.<\/p>\n<p>1. Trwa miesi\u0105c sierpie\u0144 czas narodowych zwyci\u0119stw pod sztandarem Maryi,    a tak\u017ce miesi\u0105c modlitwy o trze\u017awo\u015b\u0107 w naszym narodzie.<\/p>\n<p>2. W poniedzia\u0142ek  godz. 18.00 modlitwa przy relikwiach \u015bw. Jana Paw\u0142a II.<\/p>\n<p>3. We wtorek o godz. 18.0 nabo\u017ce\u0144stwo do Bo\u017cego Mi\u0142osierdzia.<\/p>\n<p>4. W \u015brod\u0119 o  godz. 18.00 Nowenna do Matki Bo\u017cej Nieustaj\u0105cej Pomocy.<\/p>\n<p>5. We czwartek wspomnienie \u015bw. Maksymiliana Marii Kolbego \u2013 odpust w Milczy. Suma o godz. 10.30.<\/p>\n<p>6. W pi\u0105tek 15 sierpnia czci\u0107 b\u0119dziemy NMP w tytule Wniebowzi\u0119cia, a w tradycji ludowej zwana jest Matka Bo\u017ca Zielna.<br \/>\nPorz\u0105dek Mszy \u015bw. w t\u0105 Uroczysto\u015b\u0107 w naszej Parafii:<br \/>\n&#8211; Besko;   &#8211;  rano: godz. 7.30<br \/>\n                &#8211;  suma o godz. 10.00 z b\u0142ogos\u0142awie\u0144stwem zi\u00f3\u0142 i kwiat\u00f3w<br \/>\n                &#8211;  po po\u0142udniu o godz.16.00 &#8211; bez Nieszpor\u00f3w<br \/>\n&#8211; Mymo\u0144;   8.30  z b\u0142ogos\u0142awie\u0144stwem zi\u00f3\u0142 i kwiat\u00f3w<br \/>\n&#8211; Por\u0119by;  10.00  z b\u0142ogos\u0142awie\u0144stwem zi\u00f3\u0142 i kwiat\u00f3w<br \/>\nNie obowi\u0105zuje wstrzemi\u0119\u017aliwo\u015b\u0107 od pokarm\u00f3w mi\u0119snych.<\/p>\n<p>6. W pi\u0105tek 15.08. tradycyjnie o godz. 6.00 z naszego ko\u015bcio\u0142a wyruszy piesza pielgrzymka do Sanktuarium Matki Bo\u017cej w Starej Wsi. W tym roku pielgrzymk\u0119 prowadz\u0105 sami Parafianie. Serdecznie zach\u0119camy do udzia\u0142u w pieszej pielgrzymce. Jednocze\u015bnie tradycyjnie przypominamy o mo\u017cliwo\u015bci pielgrzymowania do Starej Wsi autokarem wyjazd o godz. 6.10 z parkingu przy ko\u015bciele \u2013 informacje u p. W\u0142adys\u0142awa Szyndlera.<\/p>\n<p>7. W sobot\u0119 nie b\u0119dzie Mszy \u015bw. wieczorowej.<\/p>\n","protected":false},"excerpt":{"rendered":"<p>19 Niedziela zwyk\u0142a 10.08.2025r. 1. Trwa miesi\u0105c sierpie\u0144 czas narodowych zwyci\u0119stw pod sztandarem Maryi, a tak\u017ce miesi\u0105c modlitwy o trze\u017awo\u015b\u0107 w naszym narodzie. 2. W poniedzia\u0142ek godz. 18.00 modlitwa przy relikwiach \u015bw. Jana Paw\u0142a II. 3. We wtorek o godz. 18.0 nabo\u017ce\u0144stwo do Bo\u017cego Mi\u0142osierdzia. 4. W \u015brod\u0119 o godz.<span class=\"more-link\"><a href=\"https:\/\/parafiabesko.pl\/?p=11180\">Czytaj wi\u0119cej<\/a><\/span><\/p>\n","protected":false},"author":1,"featured_media":0,"comment_status":"closed","ping_status":"open","sticky":false,"template":"","format":"standard","meta":{"footnotes":""},"categories":[7],"tags":[],"class_list":["entry","author-adminparafiibesko","post-11180","post","type-post","status-publish","format-standard","category-ogloszenia-parafialne"],"_links":{"self":[{"href":"https:\/\/parafiabesko.pl\/index.php?rest_route=\/wp\/v2\/posts\/11180","targetHints":{"allow":["GET"]}}],"collection":[{"href":"https:\/\/parafiabesko.pl\/index.php?rest_route=\/wp\/v2\/posts"}],"about":[{"href":"https:\/\/parafiabesko.pl\/index.php?rest_route=\/wp\/v2\/types\/post"}],"author":[{"embeddable":true,"href":"https:\/\/parafiabesko.pl\/index.php?rest_route=\/wp\/v2\/users\/1"}],"replies":[{"embeddable":true,"href":"https:\/\/parafiabesko.pl\/index.php?rest_route=%2Fwp%2Fv2%2Fcomments&post=11180"}],"version-history":[{"count":0,"href":"https:\/\/parafiabesko.pl\/index.php?rest_route=\/wp\/v2\/posts\/11180\/revisions"}],"wp:attachment":[{"href":"https:\/\/parafiabesko.pl\/index.php?rest_route=%2Fwp%2Fv2%2Fmedia&parent=11180"}],"wp:term":[{"taxonomy":"category","embeddable":true,"href":"https:\/\/parafiabesko.pl\/index.php?rest_route=%2Fwp%2Fv2%2Fcategories&post=11180"},{"taxonomy":"post_tag","embeddable":true,"href":"https:\/\/parafiabesko.pl\/index.php?rest_route=%2Fwp%2Fv2%2Ftags&post=11180"}],"curies":[{"name":"wp","href":"https:\/\/api.w.org\/{rel}","templated":true}]}}