{"id":11171,"date":"2025-08-02T16:07:09","date_gmt":"2025-08-02T16:07:09","guid":{"rendered":"https:\/\/parafiabesko.pl\/?p=11171"},"modified":"2025-08-02T16:07:09","modified_gmt":"2025-08-02T16:07:09","slug":"intencje-mszalne-4-10-08-2025r","status":"publish","type":"post","link":"https:\/\/parafiabesko.pl\/?p=11171","title":{"rendered":"Intencje mszalne 4-10.08.2025r."},"content":{"rendered":"<p>AD 2025<br \/>\n18 Tydzie\u0144 zwyk\u0142y<br \/>\n4-10.08.2025r.<\/p>\n<p>Poniedzia\u0142ek<br \/>\n\t7.00\t+Erwina Wojtal of. siostra Karolina z rodzin\u0105<br \/>\n\t18.00\t1. +J\u00f3zef\u0119 P\u0142atek of. Agata i Wojciech Marsza\u0142ek<br \/>\n2. +Ignacy Ch\u0119\u0107 of. Jadwiga, Ryszard D\u0105browscy z Sanoka \/poza Parafi\u0105\/<\/p>\n<p>Wtorek<br \/>\n\t7.00\t+Erwina Wojtal of. siostra Monika z rodzin\u0105<br \/>\n\t18.00\t1. +J\u00f3zef Stapi\u0144ski of. c\u00f3rka Iwona z rodzin\u0105<br \/>\n2. +Katarzyna P\u0142atek of. dyrekcja, nauczyciele, pracownicy szko\u0142y w Besku \/poza Parafi\u0105\/<\/p>\n<p>\u015aroda<br \/>\n\t7.00\t+J\u00f3zef<br \/>\n\t18.00\t1. +Mieczys\u0142aw, Andrzej, Kazimierz, Maria Kornasiewicz<br \/>\n2. +Katarzyna \/poza Parafi\u0105\/<\/p>\n<p>Czwartek<br \/>\n\t7.00\t+J\u00f3zef\u0119<br \/>\n\t18.00\t1. +Boles\u0142aw Borkowski<br \/>\n2. +Stanis\u0142aw \/poza Parafi\u0105\/<\/p>\n<p>Pi\u0105tek<br \/>\n\t7.00\t+Erwina Wojtal of. brat Mateusz z rodzin\u0105<br \/>\n\t18.00\t1. \u2013Dzi\u0119kczynna w 16 r. \u015blubu Anety i Wojciecha z pro\u015bb\u0105 o opiek\u0119 Bo\u017c\u0105 dla rodziny<br \/>\n2. +Pawe\u0142 Kurpiel of. \u017cona \/poza Parafi\u0105\/<\/p>\n<p>Sobota<br \/>\n\t7.00\t+J\u00f3zef Stapi\u0144ski of. syn Bogdan z rodzin\u0105<br \/>\n\t18.00\t1. +Piotr, Tadeusz Kopeccy<br \/>\n2. +Janina \/poza Parafi\u0105\/<\/p>\n<p>Niedziela<br \/>\n\t7.30\t-Z okazji I Komunii \u015bw. Wiktora z pro\u015bb\u0105 o opiek\u0119 Bo\u017c\u0105<br \/>\n\t9.15\t+Aniela, Stanis\u0142aw Wojcieszczak<br \/>\n\t11.00\tZa Parafian<br \/>\n\t16.30\t+Maria Mermer i zm. z rodziny<\/p>\n","protected":false},"excerpt":{"rendered":"<p>AD 2025 18 Tydzie\u0144 zwyk\u0142y 4-10.08.2025r. Poniedzia\u0142ek 7.00 +Erwina Wojtal of. siostra Karolina z rodzin\u0105 18.00 1. +J\u00f3zef\u0119 P\u0142atek of. Agata i Wojciech Marsza\u0142ek 2. +Ignacy Ch\u0119\u0107 of. Jadwiga, Ryszard D\u0105browscy z Sanoka \/poza Parafi\u0105\/ Wtorek 7.00 +Erwina Wojtal of. siostra Monika z rodzin\u0105 18.00 1. +J\u00f3zef Stapi\u0144ski of. c\u00f3rka<span class=\"more-link\"><a href=\"https:\/\/parafiabesko.pl\/?p=11171\">Czytaj wi\u0119cej<\/a><\/span><\/p>\n","protected":false},"author":1,"featured_media":0,"comment_status":"closed","ping_status":"open","sticky":false,"template":"","format":"standard","meta":{"footnotes":""},"categories":[4],"tags":[],"class_list":["entry","author-adminparafiibesko","post-11171","post","type-post","status-publish","format-standard","category-intencje-mszalne"],"_links":{"self":[{"href":"https:\/\/parafiabesko.pl\/index.php?rest_route=\/wp\/v2\/posts\/11171","targetHints":{"allow":["GET"]}}],"collection":[{"href":"https:\/\/parafiabesko.pl\/index.php?rest_route=\/wp\/v2\/posts"}],"about":[{"href":"https:\/\/parafiabesko.pl\/index.php?rest_route=\/wp\/v2\/types\/post"}],"author":[{"embeddable":true,"href":"https:\/\/parafiabesko.pl\/index.php?rest_route=\/wp\/v2\/users\/1"}],"replies":[{"embeddable":true,"href":"https:\/\/parafiabesko.pl\/index.php?rest_route=%2Fwp%2Fv2%2Fcomments&post=11171"}],"version-history":[{"count":0,"href":"https:\/\/parafiabesko.pl\/index.php?rest_route=\/wp\/v2\/posts\/11171\/revisions"}],"wp:attachment":[{"href":"https:\/\/parafiabesko.pl\/index.php?rest_route=%2Fwp%2Fv2%2Fmedia&parent=11171"}],"wp:term":[{"taxonomy":"category","embeddable":true,"href":"https:\/\/parafiabesko.pl\/index.php?rest_route=%2Fwp%2Fv2%2Fcategories&post=11171"},{"taxonomy":"post_tag","embeddable":true,"href":"https:\/\/parafiabesko.pl\/index.php?rest_route=%2Fwp%2Fv2%2Ftags&post=11171"}],"curies":[{"name":"wp","href":"https:\/\/api.w.org\/{rel}","templated":true}]}}