{"id":11165,"date":"2025-07-27T12:26:16","date_gmt":"2025-07-27T12:26:16","guid":{"rendered":"https:\/\/parafiabesko.pl\/?p=11165"},"modified":"2025-07-27T12:26:16","modified_gmt":"2025-07-27T12:26:16","slug":"ogloszenia-parafialne-17-niedziela-zwykla-27-07-2025-roku","status":"publish","type":"post","link":"https:\/\/parafiabesko.pl\/?p=11165","title":{"rendered":"Og\u0142oszenia parafialne 17 Niedziela zwyk\u0142a 27.07.2025 roku"},"content":{"rendered":"<p>17 Niedziela zwyk\u0142a<br \/>\n27.07.2025 roku<\/p>\n<p>1. Spowied\u017a przed pierwszym pi\u0105tkiem miesi\u0105ca do poniedzia\u0142ku rano i wieczorem przed Msz\u0105 \u015bwi\u0119t\u0105. Dzieci i m\u0142odzie\u017c do spowiedzi zapraszamy we \u015brod\u0119 do godz. 17.00.<\/p>\n<p>2. W poniedzia\u0142ek o godz. 18.00 modlitwa przy relikwiach \u015bw. Jana Paw\u0142a II<\/p>\n<p>3. We wtorek o godz. 18.00 nabo\u017ce\u0144stwo do Mi\u0142osierdzia Bo\u017cego.<\/p>\n<p>4. We \u015brod\u0119 o godz. 18.00 nowenna od MB nieustaj\u0105cej Pomocy.<\/p>\n<p>5. W pi\u0105tek rozpoczyna si\u0119 sierpie\u0144, kt\u00f3ry jest miesi\u0105cem wielkich wydarze\u0144 patriotycznych jak: \u201eCud nad Wis\u0142\u0105\u201d w 1920 r., Powstanie Warszawskie w 1944 r. i wielki zryw narodowy i powstanie Solidarno\u015bci w 1980 r. to tylko niekt\u00f3re z wa\u017cnych wydarze\u0144 w historii Polski, kt\u00f3re mia\u0142y miejsce w sierpniu. Pami\u0119tajmy w tym miesi\u0105cu o tematyce ojczy\u017anianej i o  modlitwie za nasz\u0105 Ojczyzn\u0119.<\/p>\n<p>6. W zwi\u0105zku z rozpocz\u0119ciem sierpnia \u2013 miesi\u0105ca abstynencji &#8211; Episkopat Polski przypomina: \u201eKo\u015bci\u00f3\u0142 prosi wszystkich Polak\u00f3w o \u015bwiadectwo abstynencji z motyw\u00f3w religijno moralnych, wychowawczych i patriotycznych. Abstynencj\u0119 mo\u017cemy ofiarowa\u0107 Bogu jako wynagrodzenie za grzech pija\u0144stwa\u201d. Zach\u0119camy Parafian do abstynencji w tym miesi\u0105cu i podejmowania r\u00f3\u017cnych inicjatyw trze\u017awo\u015bciowych.<\/p>\n<p>7. Pierwszy pi\u0105tek miesi\u0105ca o godzinie 7.00 Msza \u015bw. i adoracja, adoruje r\u00f3\u017ca Zwiastowania NMP prze\u0142o\u017cona Maria Bacior, wieczorem o godz. 18.00 Msza \u015bw. i adoracja.  W ko\u015bcio\u0142ach filialnych w Por\u0119bach i Mymoniu o godz. 15.30 adoracja, spowied\u017a i Msza \u015bw. Chorych w Besku b\u0119dziemy odwiedza\u0107 od godz. 8.00.<\/p>\n<p>8. Pierwsza sobota miesi\u0105ca, o godz. 7.00 Msza \u015bw. i nabo\u017ce\u0144stwo do Matki Bo\u017cej, adoruje r\u00f3\u017ca Matki Teresy z Kalkuty prze\u0142o\u017cona Kazimiera Kasperkowicz, a wieczorem o godz. 20.00 wiecz\u00f3r fatimski.<\/p>\n<p>9. W przysz\u0142\u0105 niedziel\u0119 w naszej Parafii Niedziela Adoracyjna od godz. 12.00 do 16.00 prywatna adoracja rodzin naszej Parafii o godz. 16.00 nabo\u017ce\u0144stwo r\u00f3\u017ca\u0144cowe i zmiana tajemnic adoruje r\u00f3\u017ca Matki Bo\u017cej Gromnicznej prze\u0142o\u017cona Zofia Rzo\u0144ca.<\/p>\n<p>10. Dzi\u0119kujemy stra\u017cakom za organizowanie ruchu przy po\u015bwi\u0119ceniu pojazd\u00f3w w \u015bwi\u0119to \u015bw. Krzysztofa. B\u00f3g zap\u0142a\u0107!<\/p>\n","protected":false},"excerpt":{"rendered":"<p>17 Niedziela zwyk\u0142a 27.07.2025 roku 1. Spowied\u017a przed pierwszym pi\u0105tkiem miesi\u0105ca do poniedzia\u0142ku rano i wieczorem przed Msz\u0105 \u015bwi\u0119t\u0105. Dzieci i m\u0142odzie\u017c do spowiedzi zapraszamy we \u015brod\u0119 do godz. 17.00. 2. W poniedzia\u0142ek o godz. 18.00 modlitwa przy relikwiach \u015bw. Jana Paw\u0142a II 3. We wtorek o godz. 18.00 nabo\u017ce\u0144stwo<span class=\"more-link\"><a href=\"https:\/\/parafiabesko.pl\/?p=11165\">Czytaj wi\u0119cej<\/a><\/span><\/p>\n","protected":false},"author":1,"featured_media":0,"comment_status":"closed","ping_status":"open","sticky":false,"template":"","format":"standard","meta":{"footnotes":""},"categories":[7],"tags":[],"class_list":["entry","author-adminparafiibesko","post-11165","post","type-post","status-publish","format-standard","category-ogloszenia-parafialne"],"_links":{"self":[{"href":"https:\/\/parafiabesko.pl\/index.php?rest_route=\/wp\/v2\/posts\/11165","targetHints":{"allow":["GET"]}}],"collection":[{"href":"https:\/\/parafiabesko.pl\/index.php?rest_route=\/wp\/v2\/posts"}],"about":[{"href":"https:\/\/parafiabesko.pl\/index.php?rest_route=\/wp\/v2\/types\/post"}],"author":[{"embeddable":true,"href":"https:\/\/parafiabesko.pl\/index.php?rest_route=\/wp\/v2\/users\/1"}],"replies":[{"embeddable":true,"href":"https:\/\/parafiabesko.pl\/index.php?rest_route=%2Fwp%2Fv2%2Fcomments&post=11165"}],"version-history":[{"count":0,"href":"https:\/\/parafiabesko.pl\/index.php?rest_route=\/wp\/v2\/posts\/11165\/revisions"}],"wp:attachment":[{"href":"https:\/\/parafiabesko.pl\/index.php?rest_route=%2Fwp%2Fv2%2Fmedia&parent=11165"}],"wp:term":[{"taxonomy":"category","embeddable":true,"href":"https:\/\/parafiabesko.pl\/index.php?rest_route=%2Fwp%2Fv2%2Fcategories&post=11165"},{"taxonomy":"post_tag","embeddable":true,"href":"https:\/\/parafiabesko.pl\/index.php?rest_route=%2Fwp%2Fv2%2Ftags&post=11165"}],"curies":[{"name":"wp","href":"https:\/\/api.w.org\/{rel}","templated":true}]}}