{"id":11156,"date":"2025-07-19T13:14:58","date_gmt":"2025-07-19T13:14:58","guid":{"rendered":"https:\/\/parafiabesko.pl\/?p=11156"},"modified":"2025-07-19T13:14:58","modified_gmt":"2025-07-19T13:14:58","slug":"11156-2","status":"publish","type":"post","link":"https:\/\/parafiabesko.pl\/?p=11156","title":{"rendered":"Og\u0142oszenia parafialne 16 Niedziela zwyk\u0142a. 20.07.2025 roku."},"content":{"rendered":"<p>16 Niedziela zwyk\u0142a.<br \/>\n20.07.2025 roku.<\/p>\n<p>1. W zwi\u0105zku ze wspomnieniem \u015bw. Krzysztofa, patrona kierowc\u00f3w &#8211;  dzisiaj po ka\u017cdej Mszy \u015bwi\u0119tej b\u0119dzie sprawowany obrz\u0119d  b\u0142ogos\u0142awie\u0144stwa  kierowc\u00f3w i pojazd\u00f3w mechanicznych. Ofiary sk\u0142adane przy tej okazji przeznaczone s\u0105 na Misje \u015bwi\u0119te.<\/p>\n<p>2. W poniedzia\u0142ek o godz. 18.00 modlitwa przy relikwiach \u015bw. Jana Paw\u0142a II.<\/p>\n<p>3. We wtorek \u015bwi\u0119to \u015bw. Marii Magdaleny  o godz. 18.00. Nabo\u017ce\u0144stwo do Bo\u017cego Mi\u0142osierdzia.<\/p>\n<p>4. We \u015brod\u0119 \u015bwi\u0119to \u015bw. Brygidy, zakonnicy, patronki Europy o godz. 18.00 Nowenna do MB Nieustaj\u0105cej Pomocy.<\/p>\n<p>5. W czwartek wspomnienie liturgiczne \u015bw. Kingi.<\/p>\n<p>6. W pi\u0105tek \u015bwi\u0119to \u015bw. Jakuba Aposto\u0142a.<\/p>\n<p>7. W sobot\u0119 wspomnienie liturgiczne \u015bw. Joachima i Anny, rodzic\u00f3w NMP, \u015awiatowy Dzie\u0144 Dziadk\u00f3w i Os\u00f3b Starszych ustanowiony przez Ojca \u015awi\u0119tego Franciszka.<\/p>\n","protected":false},"excerpt":{"rendered":"<p>16 Niedziela zwyk\u0142a. 20.07.2025 roku. 1. W zwi\u0105zku ze wspomnieniem \u015bw. Krzysztofa, patrona kierowc\u00f3w &#8211; dzisiaj po ka\u017cdej Mszy \u015bwi\u0119tej b\u0119dzie sprawowany obrz\u0119d b\u0142ogos\u0142awie\u0144stwa kierowc\u00f3w i pojazd\u00f3w mechanicznych. Ofiary sk\u0142adane przy tej okazji przeznaczone s\u0105 na Misje \u015bwi\u0119te. 2. W poniedzia\u0142ek o godz. 18.00 modlitwa przy relikwiach \u015bw. Jana Paw\u0142a<span class=\"more-link\"><a href=\"https:\/\/parafiabesko.pl\/?p=11156\">Czytaj wi\u0119cej<\/a><\/span><\/p>\n","protected":false},"author":1,"featured_media":0,"comment_status":"closed","ping_status":"open","sticky":false,"template":"","format":"standard","meta":{"footnotes":""},"categories":[7],"tags":[],"class_list":["entry","author-adminparafiibesko","post-11156","post","type-post","status-publish","format-standard","category-ogloszenia-parafialne"],"_links":{"self":[{"href":"https:\/\/parafiabesko.pl\/index.php?rest_route=\/wp\/v2\/posts\/11156","targetHints":{"allow":["GET"]}}],"collection":[{"href":"https:\/\/parafiabesko.pl\/index.php?rest_route=\/wp\/v2\/posts"}],"about":[{"href":"https:\/\/parafiabesko.pl\/index.php?rest_route=\/wp\/v2\/types\/post"}],"author":[{"embeddable":true,"href":"https:\/\/parafiabesko.pl\/index.php?rest_route=\/wp\/v2\/users\/1"}],"replies":[{"embeddable":true,"href":"https:\/\/parafiabesko.pl\/index.php?rest_route=%2Fwp%2Fv2%2Fcomments&post=11156"}],"version-history":[{"count":0,"href":"https:\/\/parafiabesko.pl\/index.php?rest_route=\/wp\/v2\/posts\/11156\/revisions"}],"wp:attachment":[{"href":"https:\/\/parafiabesko.pl\/index.php?rest_route=%2Fwp%2Fv2%2Fmedia&parent=11156"}],"wp:term":[{"taxonomy":"category","embeddable":true,"href":"https:\/\/parafiabesko.pl\/index.php?rest_route=%2Fwp%2Fv2%2Fcategories&post=11156"},{"taxonomy":"post_tag","embeddable":true,"href":"https:\/\/parafiabesko.pl\/index.php?rest_route=%2Fwp%2Fv2%2Ftags&post=11156"}],"curies":[{"name":"wp","href":"https:\/\/api.w.org\/{rel}","templated":true}]}}