{"id":11152,"date":"2025-07-12T17:24:20","date_gmt":"2025-07-12T17:24:20","guid":{"rendered":"https:\/\/parafiabesko.pl\/?p=11152"},"modified":"2025-07-12T17:24:20","modified_gmt":"2025-07-12T17:24:20","slug":"ogloszenia-parafialne-15-niedziela-zwykla-13-07-2025r","status":"publish","type":"post","link":"https:\/\/parafiabesko.pl\/?p=11152","title":{"rendered":"Og\u0142oszenia parafialne 15 Niedziela zwyk\u0142a 13.07.2025r."},"content":{"rendered":"<p>15 Niedziela zwyk\u0142a.<br \/>\n13.07.2025 roku.<\/p>\n<p>1. W poniedzia\u0142ek o godz. 18.00 modlitwa przy relikwiach \u015bw. Jana Paw\u0142a II.<\/p>\n<p>2. We wtorek  o godz. 18.00 Nabo\u017ce\u0144stwo do Bo\u017cego Mi\u0142osierdzia.<\/p>\n<p>3. We \u015brod\u0119 o godz. 18.00 Nowenna do Matki Bo\u017cej Nieustaj\u0105cej Pomocy.<\/p>\n<p>4. W zwi\u0105zku ze wspomnieniem \u015bw. Krzysztofa, patrona kierowc\u00f3w obchodzonym  w przysz\u0142\u0105 niedziel\u0119 po ka\u017cdej Mszy \u015bwi\u0119tej b\u0119dzie sprawowany obrz\u0119d  b\u0142ogos\u0142awie\u0144stwa kierowc\u00f3w i pojazd\u00f3w mechanicznych. Ofiary sk\u0142adane przy tej okazji przeznaczone s\u0105 na Misje \u015bwi\u0119te.<\/p>\n","protected":false},"excerpt":{"rendered":"<p>15 Niedziela zwyk\u0142a. 13.07.2025 roku. 1. W poniedzia\u0142ek o godz. 18.00 modlitwa przy relikwiach \u015bw. Jana Paw\u0142a II. 2. We wtorek o godz. 18.00 Nabo\u017ce\u0144stwo do Bo\u017cego Mi\u0142osierdzia. 3. We \u015brod\u0119 o godz. 18.00 Nowenna do Matki Bo\u017cej Nieustaj\u0105cej Pomocy. 4. W zwi\u0105zku ze wspomnieniem \u015bw. Krzysztofa, patrona kierowc\u00f3w obchodzonym<span class=\"more-link\"><a href=\"https:\/\/parafiabesko.pl\/?p=11152\">Czytaj wi\u0119cej<\/a><\/span><\/p>\n","protected":false},"author":1,"featured_media":0,"comment_status":"closed","ping_status":"open","sticky":false,"template":"","format":"standard","meta":{"footnotes":""},"categories":[7],"tags":[],"class_list":["entry","author-adminparafiibesko","post-11152","post","type-post","status-publish","format-standard","category-ogloszenia-parafialne"],"_links":{"self":[{"href":"https:\/\/parafiabesko.pl\/index.php?rest_route=\/wp\/v2\/posts\/11152","targetHints":{"allow":["GET"]}}],"collection":[{"href":"https:\/\/parafiabesko.pl\/index.php?rest_route=\/wp\/v2\/posts"}],"about":[{"href":"https:\/\/parafiabesko.pl\/index.php?rest_route=\/wp\/v2\/types\/post"}],"author":[{"embeddable":true,"href":"https:\/\/parafiabesko.pl\/index.php?rest_route=\/wp\/v2\/users\/1"}],"replies":[{"embeddable":true,"href":"https:\/\/parafiabesko.pl\/index.php?rest_route=%2Fwp%2Fv2%2Fcomments&post=11152"}],"version-history":[{"count":0,"href":"https:\/\/parafiabesko.pl\/index.php?rest_route=\/wp\/v2\/posts\/11152\/revisions"}],"wp:attachment":[{"href":"https:\/\/parafiabesko.pl\/index.php?rest_route=%2Fwp%2Fv2%2Fmedia&parent=11152"}],"wp:term":[{"taxonomy":"category","embeddable":true,"href":"https:\/\/parafiabesko.pl\/index.php?rest_route=%2Fwp%2Fv2%2Fcategories&post=11152"},{"taxonomy":"post_tag","embeddable":true,"href":"https:\/\/parafiabesko.pl\/index.php?rest_route=%2Fwp%2Fv2%2Ftags&post=11152"}],"curies":[{"name":"wp","href":"https:\/\/api.w.org\/{rel}","templated":true}]}}