{"id":11150,"date":"2025-07-12T17:22:02","date_gmt":"2025-07-12T17:22:02","guid":{"rendered":"https:\/\/parafiabesko.pl\/?p=11150"},"modified":"2025-07-12T17:22:02","modified_gmt":"2025-07-12T17:22:02","slug":"intencje-mszalne-14-20-07-2025r","status":"publish","type":"post","link":"https:\/\/parafiabesko.pl\/?p=11150","title":{"rendered":"Intencje mszalne 14-20.07.2025r."},"content":{"rendered":"<p>AD 2025<br \/>\n15 Tydzie\u0144 zwyk\u0142y<br \/>\n14-20.07.2025r.<\/p>\n<p>Poniedzia\u0142ek<br \/>\n\t7.00\t+Mieczys\u0142aw Krzemi\u0144ski \/15 r. \u015bm.\/ i zmarli z rodziny Niemiec<br \/>\n\t18.00\t1. +Piotr Brodzicki<br \/>\n2. +Kazimierz B\u0142o\u0144ski of. wnuki \/poza Parafi\u0105\/<\/p>\n<p>Wtorek<br \/>\n\t7.00\t+Irena Kozak of. syn Wojciech z rodzin\u0105<br \/>\n\t18.00\t1. +Stanis\u0142aw P\u0142atek \/18 r. \u015bm.\/ i zmarli z rodziny<br \/>\n2. +Czes\u0142aw\u0119 Knurek of. s\u0105siedzi z ul. Sadowej \/poza Parafi\u0105\/<\/p>\n<p>\u015aroda<br \/>\n\t7.00\t-Dzi\u0119kczynna za przyj\u0119cie w grono Niewolnik\u00f3w Maryi z pro\u015bb\u0105 o opiek\u0119 Maryi i b\u0142ogos\u0142awie\u0144stwo Bo\u017ce<br \/>\n\t18.00\t1. +Antonina, W\u0142adys\u0142aw Rodzinka<br \/>\n2. +Janina Nycz of. wnuczki, wnukowie i prawnuczki \/poza Parafi\u0105\/<\/p>\n<p>Czwartek<br \/>\n\t7.00\t+Tadeusz Brodzicki \/2 r. \u015bm.\/<br \/>\n\t18.00\t1. +Rozalia, Bronis\u0142aw Suwa\u0142a i Maria, Stanis\u0142aw Kielar oraz zmarli z rodziny<br \/>\n2. +Jadwiga Wr\u00f3bel of. wnuczki Ola i Maja \/poza Parafi\u0105\/<\/p>\n<p>Pi\u0105tek<br \/>\n\t7.00\t+J\u00f3zef W\u0119grzyn of. siostry Felicjanki<br \/>\n\t18.00\t1. +J\u00f3zef\u0119 P\u0142atek of. syn Bogdan<br \/>\n2. +Stanis\u0142aw Nisiewicz of. c\u00f3rka Mariola Pi\u0105tek i Jakub \/poza Parafi\u0105\/<\/p>\n<p>Sobota<br \/>\n\t7.00\t+Jadwiga, J\u00f3zef  Brodziccy<br \/>\n\t18.00\t1. +J\u00f3zef Ekiert \/18 r. \u015bm.\/<br \/>\n2. +Stanis\u0142aw\u0119 Strachock\u0105 of. Akcja Katolicka \/poza Parafi\u0105\/<\/p>\n<p>Niedziela<br \/>\n\t7.30\t+Stefani\u0119, J\u00f3zef, Leoni\u0119<br \/>\n\t9.15\t-W intencji Panu Bogu wiadomej<br \/>\n\t11.00\tZa Parafian<br \/>\n\t16.30\t-O zdrowie i b\u0142og. Bo\u017ce dla ca\u0142ej rodziny<\/p>\n","protected":false},"excerpt":{"rendered":"<p>AD 2025 15 Tydzie\u0144 zwyk\u0142y 14-20.07.2025r. Poniedzia\u0142ek 7.00 +Mieczys\u0142aw Krzemi\u0144ski \/15 r. \u015bm.\/ i zmarli z rodziny Niemiec 18.00 1. +Piotr Brodzicki 2. +Kazimierz B\u0142o\u0144ski of. wnuki \/poza Parafi\u0105\/ Wtorek 7.00 +Irena Kozak of. syn Wojciech z rodzin\u0105 18.00 1. +Stanis\u0142aw P\u0142atek \/18 r. \u015bm.\/ i zmarli z rodziny 2.<span class=\"more-link\"><a href=\"https:\/\/parafiabesko.pl\/?p=11150\">Czytaj wi\u0119cej<\/a><\/span><\/p>\n","protected":false},"author":1,"featured_media":0,"comment_status":"closed","ping_status":"open","sticky":false,"template":"","format":"standard","meta":{"footnotes":""},"categories":[4],"tags":[],"class_list":["entry","author-adminparafiibesko","post-11150","post","type-post","status-publish","format-standard","category-intencje-mszalne"],"_links":{"self":[{"href":"https:\/\/parafiabesko.pl\/index.php?rest_route=\/wp\/v2\/posts\/11150","targetHints":{"allow":["GET"]}}],"collection":[{"href":"https:\/\/parafiabesko.pl\/index.php?rest_route=\/wp\/v2\/posts"}],"about":[{"href":"https:\/\/parafiabesko.pl\/index.php?rest_route=\/wp\/v2\/types\/post"}],"author":[{"embeddable":true,"href":"https:\/\/parafiabesko.pl\/index.php?rest_route=\/wp\/v2\/users\/1"}],"replies":[{"embeddable":true,"href":"https:\/\/parafiabesko.pl\/index.php?rest_route=%2Fwp%2Fv2%2Fcomments&post=11150"}],"version-history":[{"count":0,"href":"https:\/\/parafiabesko.pl\/index.php?rest_route=\/wp\/v2\/posts\/11150\/revisions"}],"wp:attachment":[{"href":"https:\/\/parafiabesko.pl\/index.php?rest_route=%2Fwp%2Fv2%2Fmedia&parent=11150"}],"wp:term":[{"taxonomy":"category","embeddable":true,"href":"https:\/\/parafiabesko.pl\/index.php?rest_route=%2Fwp%2Fv2%2Fcategories&post=11150"},{"taxonomy":"post_tag","embeddable":true,"href":"https:\/\/parafiabesko.pl\/index.php?rest_route=%2Fwp%2Fv2%2Ftags&post=11150"}],"curies":[{"name":"wp","href":"https:\/\/api.w.org\/{rel}","templated":true}]}}