{"id":11146,"date":"2025-07-06T12:23:29","date_gmt":"2025-07-06T12:23:29","guid":{"rendered":"https:\/\/parafiabesko.pl\/?p=11146"},"modified":"2025-07-06T12:23:29","modified_gmt":"2025-07-06T12:23:29","slug":"ogloszenia-parafialne-14-niedziela-zwykla-6-07-2025r","status":"publish","type":"post","link":"https:\/\/parafiabesko.pl\/?p=11146","title":{"rendered":"Og\u0142oszenia parafialne 14 Niedziela zwyk\u0142a 6.07.2025r."},"content":{"rendered":"<p>14 Niedziela zwyk\u0142a<br \/>\n6.07.2025r.<\/p>\n<p>1. Dzisiaj Niedziela Adoracyjna, od godz. 12.00 do 16.00 prywatna adoracja rodzin naszej Parafii, o godz. 16.00 nabo\u017ce\u0144stwo r\u00f3\u017ca\u0144cowe   i zmiana tajemnic, adoruje r\u00f3\u017ca \u015bw. Marty, prze\u0142o\u017cona Maria Szyndler.<\/p>\n<p>2. Taca z dzisiejszej niedzieli przeznaczona jest na Wy\u017csze Seminarium Duchowne w Przemy\u015blu.<\/p>\n<p>3. W poniedzia\u0142ek  \u015bwi\u0119to b\u0142ogos\u0142awionych m\u0119czennik\u00f3w J\u00f3zefa i Wiktorii Ulm\u00f3w, ma\u0142\u017conk\u00f3w oraz ich dzieci, patron\u00f3w wojew\u00f3dztwa podkarpackiego. Modlimy si\u0119 w intencji naszej Ojczyzny i Archidiecezji. o godz. 18.00 modlitwa przy relikwiach \u015bw. Jana Paw\u0142a II.<\/p>\n<p>4. We wtorek wspomnienie \u015bw. Jana z Dukli patrona naszej Archidiecezji o godz. 18.00 Nabo\u017ce\u0144stwo do Bo\u017cego Mi\u0142osierdzia.<\/p>\n<p>5. We \u015brod\u0119 o godz. 18.00 Nowenna do Matki Bo\u017cej Nieustaj\u0105cej Pomocy.<\/p>\n<p>6. W pi\u0105tek wspomnienie \u015bw. Benedykta, Patrona Europy.<\/p>\n","protected":false},"excerpt":{"rendered":"<p>14 Niedziela zwyk\u0142a 6.07.2025r. 1. Dzisiaj Niedziela Adoracyjna, od godz. 12.00 do 16.00 prywatna adoracja rodzin naszej Parafii, o godz. 16.00 nabo\u017ce\u0144stwo r\u00f3\u017ca\u0144cowe i zmiana tajemnic, adoruje r\u00f3\u017ca \u015bw. Marty, prze\u0142o\u017cona Maria Szyndler. 2. Taca z dzisiejszej niedzieli przeznaczona jest na Wy\u017csze Seminarium Duchowne w Przemy\u015blu. 3. W poniedzia\u0142ek \u015bwi\u0119to<span class=\"more-link\"><a href=\"https:\/\/parafiabesko.pl\/?p=11146\">Czytaj wi\u0119cej<\/a><\/span><\/p>\n","protected":false},"author":1,"featured_media":0,"comment_status":"closed","ping_status":"open","sticky":false,"template":"","format":"standard","meta":{"footnotes":""},"categories":[7],"tags":[],"class_list":["entry","author-adminparafiibesko","post-11146","post","type-post","status-publish","format-standard","category-ogloszenia-parafialne"],"_links":{"self":[{"href":"https:\/\/parafiabesko.pl\/index.php?rest_route=\/wp\/v2\/posts\/11146","targetHints":{"allow":["GET"]}}],"collection":[{"href":"https:\/\/parafiabesko.pl\/index.php?rest_route=\/wp\/v2\/posts"}],"about":[{"href":"https:\/\/parafiabesko.pl\/index.php?rest_route=\/wp\/v2\/types\/post"}],"author":[{"embeddable":true,"href":"https:\/\/parafiabesko.pl\/index.php?rest_route=\/wp\/v2\/users\/1"}],"replies":[{"embeddable":true,"href":"https:\/\/parafiabesko.pl\/index.php?rest_route=%2Fwp%2Fv2%2Fcomments&post=11146"}],"version-history":[{"count":0,"href":"https:\/\/parafiabesko.pl\/index.php?rest_route=\/wp\/v2\/posts\/11146\/revisions"}],"wp:attachment":[{"href":"https:\/\/parafiabesko.pl\/index.php?rest_route=%2Fwp%2Fv2%2Fmedia&parent=11146"}],"wp:term":[{"taxonomy":"category","embeddable":true,"href":"https:\/\/parafiabesko.pl\/index.php?rest_route=%2Fwp%2Fv2%2Fcategories&post=11146"},{"taxonomy":"post_tag","embeddable":true,"href":"https:\/\/parafiabesko.pl\/index.php?rest_route=%2Fwp%2Fv2%2Ftags&post=11146"}],"curies":[{"name":"wp","href":"https:\/\/api.w.org\/{rel}","templated":true}]}}