{"id":11144,"date":"2025-07-06T12:21:08","date_gmt":"2025-07-06T12:21:08","guid":{"rendered":"https:\/\/parafiabesko.pl\/?p=11144"},"modified":"2025-07-06T12:21:08","modified_gmt":"2025-07-06T12:21:08","slug":"intencje-mszalne-7-13-07-2025r","status":"publish","type":"post","link":"https:\/\/parafiabesko.pl\/?p=11144","title":{"rendered":"Intencje mszalne 7-13.07.2025r."},"content":{"rendered":"<p>AD 2025<br \/>\n14 Tydzie\u0144 zwyk\u0142y<br \/>\n7-13.07.2025r.<\/p>\n<p>Poniedzia\u0142ek<br \/>\n\t7.00\t+Czes\u0142aw\u0119 Knurek of. c\u00f3rka z rodzin\u0105<br \/>\n\t18.00\t1. +Zofia Drozd of. s\u0105siedzi z ul. Lipowej i Nadrzecznej<br \/>\n2. +J\u00f3zef W\u0119grzyn of. dzieci \/poza Parafi\u0105\/<\/p>\n<p>Wtorek<br \/>\n\t7.00\t+Janina Nycz of. r\u00f3\u017ca MB Gromnicznej prze\u0142o\u017cona Zofia Rzo\u0144ca<br \/>\n\t18.00\t1. +Stanis\u0142aw\u0119, W\u0142adys\u0142aw, Bronis\u0142aw Sza\u0142ankiewicz<br \/>\n2. +J\u00f3zef\u0119 P\u0142atek of. syn Bogdan \/poza Parafi\u0105\/<\/p>\n<p>\u015aroda<br \/>\n\t7.00\t+Stanis\u0142aw\u0119 Strachock\u0105 of. syn Jerzy z rodzin\u0105<br \/>\n\t18.00\t1. +Ignacy Ch\u0119\u0107 of. Gra\u017cyna Ch\u0119\u0107 z rodzin\u0105<br \/>\n2. +Stanis\u0142aw Nisiewicz of. s\u0105siedzi z ul. Starowiejskiej \/poza Parafi\u0105\/<\/p>\n<p>Czwartek<br \/>\n\t7.00\t+Zbigniew Kozak of. Przedszkole si\u00f3str Felicjanek<br \/>\n\t18.00\t1. +Stanis\u0142aw Wais of. c\u00f3rka Ma\u0142gorzata z m\u0119\u017cem<br \/>\n2.+Jadwiga Mermer of. pracownicy Zak\u0142adu Energetycznego w Besku \/poza Parafi\u0105\/<\/p>\n<p>Pi\u0105tek<br \/>\n\t7.00\t +J\u00f3zef Saczewski of. c\u00f3rka Regina z rodzin\u0105<br \/>\n18.00\t1. +Agnieszka \/30 r. \u015bm.\/<br \/>\n2. +Irena Kozak of. c\u00f3rka Jolanta z rodzin\u0105 \/poza Parafi\u0105\/<\/p>\n<p>Sobota<br \/>\n\t7.00\t+Katarzyna P\u0142atek of.  of. c\u00f3rka Anna z m\u0119\u017cem<br \/>\n\t18.00\t1. +Kazimierz B\u0142o\u0144ski of. rodzina<br \/>\n2. +Jadwiga Wr\u00f3bel of. siostra Maria \/poza Parafi\u0105\/<\/p>\n<p>Niedziela<br \/>\n\t7.30\t+Andrzej i zm . z rodziny \u0106wi\u0105ka\u0142a<br \/>\n\t9.15\t+Maria, Boles\u0142aw Nycz \/4 r. \u015bm.\/<br \/>\n\t11.00\tZa Parafian<br \/>\n\t14.00 \t-Msza \u015bw. jubileuszowa w  75 rocznic\u0119 powstania Orkiestry OSP w Besku<br \/>\n\t16.30\t+Czes\u0142aw\u0119 Knurek of.  r\u00f3\u017ca Agaty Mroczkowskiej<\/p>\n","protected":false},"excerpt":{"rendered":"<p>AD 2025 14 Tydzie\u0144 zwyk\u0142y 7-13.07.2025r. Poniedzia\u0142ek 7.00 +Czes\u0142aw\u0119 Knurek of. c\u00f3rka z rodzin\u0105 18.00 1. +Zofia Drozd of. s\u0105siedzi z ul. Lipowej i Nadrzecznej 2. +J\u00f3zef W\u0119grzyn of. dzieci \/poza Parafi\u0105\/ Wtorek 7.00 +Janina Nycz of. r\u00f3\u017ca MB Gromnicznej prze\u0142o\u017cona Zofia Rzo\u0144ca 18.00 1. +Stanis\u0142aw\u0119, W\u0142adys\u0142aw, Bronis\u0142aw Sza\u0142ankiewicz 2.<span class=\"more-link\"><a href=\"https:\/\/parafiabesko.pl\/?p=11144\">Czytaj wi\u0119cej<\/a><\/span><\/p>\n","protected":false},"author":1,"featured_media":0,"comment_status":"closed","ping_status":"open","sticky":false,"template":"","format":"standard","meta":{"footnotes":""},"categories":[4],"tags":[],"class_list":["entry","author-adminparafiibesko","post-11144","post","type-post","status-publish","format-standard","category-intencje-mszalne"],"_links":{"self":[{"href":"https:\/\/parafiabesko.pl\/index.php?rest_route=\/wp\/v2\/posts\/11144","targetHints":{"allow":["GET"]}}],"collection":[{"href":"https:\/\/parafiabesko.pl\/index.php?rest_route=\/wp\/v2\/posts"}],"about":[{"href":"https:\/\/parafiabesko.pl\/index.php?rest_route=\/wp\/v2\/types\/post"}],"author":[{"embeddable":true,"href":"https:\/\/parafiabesko.pl\/index.php?rest_route=\/wp\/v2\/users\/1"}],"replies":[{"embeddable":true,"href":"https:\/\/parafiabesko.pl\/index.php?rest_route=%2Fwp%2Fv2%2Fcomments&post=11144"}],"version-history":[{"count":0,"href":"https:\/\/parafiabesko.pl\/index.php?rest_route=\/wp\/v2\/posts\/11144\/revisions"}],"wp:attachment":[{"href":"https:\/\/parafiabesko.pl\/index.php?rest_route=%2Fwp%2Fv2%2Fmedia&parent=11144"}],"wp:term":[{"taxonomy":"category","embeddable":true,"href":"https:\/\/parafiabesko.pl\/index.php?rest_route=%2Fwp%2Fv2%2Fcategories&post=11144"},{"taxonomy":"post_tag","embeddable":true,"href":"https:\/\/parafiabesko.pl\/index.php?rest_route=%2Fwp%2Fv2%2Ftags&post=11144"}],"curies":[{"name":"wp","href":"https:\/\/api.w.org\/{rel}","templated":true}]}}