{"id":11138,"date":"2025-06-28T13:53:01","date_gmt":"2025-06-28T13:53:01","guid":{"rendered":"https:\/\/parafiabesko.pl\/?p=11138"},"modified":"2025-06-28T13:53:01","modified_gmt":"2025-06-28T13:53:01","slug":"ogloszenia-parafialne-uroczystosc-swietych-apostolow-piotra-i-pawla-29-06-2025r","status":"publish","type":"post","link":"https:\/\/parafiabesko.pl\/?p=11138","title":{"rendered":"Og\u0142oszenia parafialne Uroczysto\u015b\u0107 \u015awi\u0119tych Aposto\u0142\u00f3w Piotra i Paw\u0142a 29.06.2025r."},"content":{"rendered":"<p>1. Dzisiaj Uroczysto\u015b\u0107 \u015bwi\u0119tych Aposto\u0142\u00f3w Piotra i Paw\u0142a. Taca z dzisiejszej niedzieli przeznaczona jest na Stolic\u0119 Apostolsk\u0105. Jest to dzie\u0144 imienin naszego wikariusza ksi\u0119dza Paw\u0142a. Polecamy jego osob\u0119  modlitwie Parafian.<\/p>\n<p>2. W poniedzia\u0142ek zako\u0144czenie nabo\u017ce\u0144stw czerwcowych do Naj\u015bwi\u0119tszego Serca Pana Jezusa.<\/p>\n<p>3. Spowied\u017a przed pierwszym pi\u0105tkiem miesi\u0105ca od poniedzia\u0142ku przed Msz\u0105 \u015bw. wieczorow\u0105. Dzieci i m\u0142odzie\u017c zapraszamy do spowiedzi w \u015brod\u0119 od godz. 17.00<\/p>\n<p>4. We wtorek o godz. 18.00 Nabo\u017ce\u0144stwo do Bo\u017cego Mi\u0142osierdzia.<\/p>\n<p>5. We \u015brod\u0119 o godz. 18.00 Nowenna do Matki Bo\u017cej Nieustaj\u0105cej Pomocy.<\/p>\n<p>6. Pierwszy czwartek miesi\u0105ca  o godz. 18.00 Godzina \u015bwi\u0119ta.<\/p>\n<p>7. Pierwszy pi\u0105tek miesi\u0105ca Rono o godz. 7.00 Msza \u015bw. i adoracja, adoruje r\u00f3\u017ca \u015bw. siostry Faustyny prze\u0142o\u017cona Maria Mroczkowska o godz. 18.00 Msza \u015bw. i adoracja. W ko\u015bcio\u0142ach filialnych w Por\u0119bach i Mymoniu o godz. 15.30 adoracja, spowied\u017a i Msza \u015bw. Chorych w Besku odwiedzamy od godz. 8.00.<\/p>\n<p>8. Pierwsza sobota miesi\u0105ca rano o godz. 7.00 Msza \u015bw. i nabo\u017ce\u0144stwo do Matki Bo\u017cej, adoruje r\u00f3\u017ca Wniebowzi\u0119cia NMP prze\u0142o\u017cona Agata Mroczkowska, wieczorem o godz. 20.00 wiecz\u00f3r fatimski.<\/p>\n<p>9. W najbli\u017csz\u0105 niedziel\u0119 \u2013 Niedziela Adoracyjna, od godz. 12.00 do 16.00 prywatna adoracja rodzin naszej Parafii, o godz. 16.00 nabo\u017ce\u0144stwo r\u00f3\u017ca\u0144cowe i zmiana tajemnic, adoruje r\u00f3\u017ca \u015bw. Marty, prze\u0142o\u017cona Maria Szyndler<\/p>\n<p>10. Dzi\u0119kujemy za z\u0142o\u017cone ofiary na prace przy naszym ko\u015bciele. B\u00f3g zap\u0142a\u0107!<\/p>\n","protected":false},"excerpt":{"rendered":"<p>1. Dzisiaj Uroczysto\u015b\u0107 \u015bwi\u0119tych Aposto\u0142\u00f3w Piotra i Paw\u0142a. Taca z dzisiejszej niedzieli przeznaczona jest na Stolic\u0119 Apostolsk\u0105. Jest to dzie\u0144 imienin naszego wikariusza ksi\u0119dza Paw\u0142a. Polecamy jego osob\u0119 modlitwie Parafian. 2. W poniedzia\u0142ek zako\u0144czenie nabo\u017ce\u0144stw czerwcowych do Naj\u015bwi\u0119tszego Serca Pana Jezusa. 3. Spowied\u017a przed pierwszym pi\u0105tkiem miesi\u0105ca od poniedzia\u0142ku przed<span class=\"more-link\"><a href=\"https:\/\/parafiabesko.pl\/?p=11138\">Czytaj wi\u0119cej<\/a><\/span><\/p>\n","protected":false},"author":1,"featured_media":0,"comment_status":"closed","ping_status":"open","sticky":false,"template":"","format":"standard","meta":{"footnotes":""},"categories":[7],"tags":[],"class_list":["entry","author-adminparafiibesko","post-11138","post","type-post","status-publish","format-standard","category-ogloszenia-parafialne"],"_links":{"self":[{"href":"https:\/\/parafiabesko.pl\/index.php?rest_route=\/wp\/v2\/posts\/11138","targetHints":{"allow":["GET"]}}],"collection":[{"href":"https:\/\/parafiabesko.pl\/index.php?rest_route=\/wp\/v2\/posts"}],"about":[{"href":"https:\/\/parafiabesko.pl\/index.php?rest_route=\/wp\/v2\/types\/post"}],"author":[{"embeddable":true,"href":"https:\/\/parafiabesko.pl\/index.php?rest_route=\/wp\/v2\/users\/1"}],"replies":[{"embeddable":true,"href":"https:\/\/parafiabesko.pl\/index.php?rest_route=%2Fwp%2Fv2%2Fcomments&post=11138"}],"version-history":[{"count":0,"href":"https:\/\/parafiabesko.pl\/index.php?rest_route=\/wp\/v2\/posts\/11138\/revisions"}],"wp:attachment":[{"href":"https:\/\/parafiabesko.pl\/index.php?rest_route=%2Fwp%2Fv2%2Fmedia&parent=11138"}],"wp:term":[{"taxonomy":"category","embeddable":true,"href":"https:\/\/parafiabesko.pl\/index.php?rest_route=%2Fwp%2Fv2%2Fcategories&post=11138"},{"taxonomy":"post_tag","embeddable":true,"href":"https:\/\/parafiabesko.pl\/index.php?rest_route=%2Fwp%2Fv2%2Ftags&post=11138"}],"curies":[{"name":"wp","href":"https:\/\/api.w.org\/{rel}","templated":true}]}}