{"id":11136,"date":"2025-06-28T13:48:13","date_gmt":"2025-06-28T13:48:13","guid":{"rendered":"https:\/\/parafiabesko.pl\/?p=11136"},"modified":"2025-06-28T13:48:13","modified_gmt":"2025-06-28T13:48:13","slug":"intencje-mszalne-30-06-6-07-2025r","status":"publish","type":"post","link":"https:\/\/parafiabesko.pl\/?p=11136","title":{"rendered":"Intencje mszalne 30.06.-6.07.2025r."},"content":{"rendered":"<p>AD 2025<br \/>\n13 Tydzie\u0144 zwyk\u0142y<br \/>\n30.06.-6.07.2025r.<\/p>\n<p>Poniedzia\u0142ek<br \/>\n\t7.00\t+Piotr, Katarzyna Kielar i zm. z rodziny<br \/>\n\t18.00\t1. +Jerzy Wais \/21 r. \u015bm.\/<br \/>\n2. +Jadwigo Wr\u00f3bel of. siostra Anna \/poza Parafi\u0105\/<\/p>\n<p>Wtorek<br \/>\n\t7.00\t+Pawe\u0142<br \/>\n\t18.00\t1. +W\u0142adys\u0142aw\u0119, Julian, Marek, Renata Ryba<br \/>\n2. +Irena Kozak of. sp\u00f3\u0142dzielnia Go\u015bciniec \/poza Parafi\u0105\/<\/p>\n<p>\u015aroda<br \/>\n\t7.00\t+J\u00f3zef\u0119 P\u0142atek of. c\u00f3rka El\u017cbieta z rodzin\u0105<br \/>\n\t18.00\t1. \u2013Dzi\u0119kczynno-b\u0142agalna w 60 urodziny Leszka of. chrze\u015bnica<br \/>\n2. +Kazimierz B\u0142o\u0144ski of. syn Krzysztof z rodzin\u0105 \/poza Parafi\u0105\/<\/p>\n<p>Czwartek<br \/>\n\t7.00\t+Stanis\u0142aw\u0119 Strachock\u0105 of. c\u00f3rka Ewa z rodzin\u0105<br \/>\n\t18.00\t1. +Janina, W\u0142adys\u0142aw Fie\u0144<br \/>\n2. +J\u00f3zef Saczewski of. cz\u0142onkinie r\u00f3\u017cy Heleny Folcik \/poza Parafi\u0105\/<\/p>\n<p>Pi\u0105tek<br \/>\n\t7.00\t+Ignacy Ch\u0119\u0107 of. c\u00f3rka Barbara<br \/>\n\t18.00\t1. +Jan Sza\u0142ankiewicz \/3 r. \u015bm.\/<br \/>\n2. +Jadwiga Mermer of. uczniowie rocznik 1982 z Mymonia z rodzinami \/poza Parafi\u0105\/<\/p>\n<p>Sobota<br \/>\n\t7.00\t+Za dusze w czyjscu cierpi\u0105ce<br \/>\n\t20.00\t1. \u2013O b\u0142og. Bo\u017ce w rodzinie<br \/>\n2. +Stanis\u0142aw Nisiewicz of. \u017cona i syn \/poza Parafi\u0105\/<\/p>\n<p>Niedziela<br \/>\n\t7.30\t+ Andrzej, J\u00f3zef\u0119 Bolanowscy<\/p>\n<p>\t9.15\t+Helena, Jan, S\u0142awomir Kijowscy<\/p>\n<p>\t11.00\t-Za Parafian<\/p>\n<p>\t16.30\t+Agnieszka Matuszek<\/p>\n","protected":false},"excerpt":{"rendered":"<p>AD 2025 13 Tydzie\u0144 zwyk\u0142y 30.06.-6.07.2025r. Poniedzia\u0142ek 7.00 +Piotr, Katarzyna Kielar i zm. z rodziny 18.00 1. +Jerzy Wais \/21 r. \u015bm.\/ 2. +Jadwigo Wr\u00f3bel of. siostra Anna \/poza Parafi\u0105\/ Wtorek 7.00 +Pawe\u0142 18.00 1. +W\u0142adys\u0142aw\u0119, Julian, Marek, Renata Ryba 2. +Irena Kozak of. sp\u00f3\u0142dzielnia Go\u015bciniec \/poza Parafi\u0105\/ \u015aroda 7.00<span class=\"more-link\"><a href=\"https:\/\/parafiabesko.pl\/?p=11136\">Czytaj wi\u0119cej<\/a><\/span><\/p>\n","protected":false},"author":1,"featured_media":0,"comment_status":"closed","ping_status":"open","sticky":false,"template":"","format":"standard","meta":{"footnotes":""},"categories":[4],"tags":[],"class_list":["entry","author-adminparafiibesko","post-11136","post","type-post","status-publish","format-standard","category-intencje-mszalne"],"_links":{"self":[{"href":"https:\/\/parafiabesko.pl\/index.php?rest_route=\/wp\/v2\/posts\/11136","targetHints":{"allow":["GET"]}}],"collection":[{"href":"https:\/\/parafiabesko.pl\/index.php?rest_route=\/wp\/v2\/posts"}],"about":[{"href":"https:\/\/parafiabesko.pl\/index.php?rest_route=\/wp\/v2\/types\/post"}],"author":[{"embeddable":true,"href":"https:\/\/parafiabesko.pl\/index.php?rest_route=\/wp\/v2\/users\/1"}],"replies":[{"embeddable":true,"href":"https:\/\/parafiabesko.pl\/index.php?rest_route=%2Fwp%2Fv2%2Fcomments&post=11136"}],"version-history":[{"count":0,"href":"https:\/\/parafiabesko.pl\/index.php?rest_route=\/wp\/v2\/posts\/11136\/revisions"}],"wp:attachment":[{"href":"https:\/\/parafiabesko.pl\/index.php?rest_route=%2Fwp%2Fv2%2Fmedia&parent=11136"}],"wp:term":[{"taxonomy":"category","embeddable":true,"href":"https:\/\/parafiabesko.pl\/index.php?rest_route=%2Fwp%2Fv2%2Fcategories&post=11136"},{"taxonomy":"post_tag","embeddable":true,"href":"https:\/\/parafiabesko.pl\/index.php?rest_route=%2Fwp%2Fv2%2Ftags&post=11136"}],"curies":[{"name":"wp","href":"https:\/\/api.w.org\/{rel}","templated":true}]}}