{"id":11132,"date":"2025-06-21T14:41:42","date_gmt":"2025-06-21T14:41:42","guid":{"rendered":"https:\/\/parafiabesko.pl\/?p=11132"},"modified":"2025-06-21T14:41:42","modified_gmt":"2025-06-21T14:41:42","slug":"ogloszenia-parafialne-12-niedziela-zwykla-22-06-2025r","status":"publish","type":"post","link":"https:\/\/parafiabesko.pl\/?p=11132","title":{"rendered":"Og\u0142oszenia parafialne 12 Niedziela zwyk\u0142a 22.06.2025r"},"content":{"rendered":"<p>12 Niedziela zwyk\u0142a<br \/>\n22.06.2025 roku<\/p>\n<p>1. Trwa oktawa Bo\u017cego Cia\u0142a. Procesje eucharystyczne w oktawie Bo\u017cego Cia\u0142a w Besku b\u0119d\u0105 odprawiane w dni powszednie po Mszy \u015bw. wieczorowej, a niedziel\u0119 po sumie.<\/p>\n<p>2. We wtorek 24 czerwca Uroczysto\u015b\u0107 Narodzenie \u015bw. Jana Chrzciciela. Jest to dzie\u0144 imienin \u015bp. ks. Jana Mikosza. Polecamy modlitwie Parafian d\u0142ugoletniego proboszcza naszej Parafii.<\/p>\n<p>3. We \u015brod\u0119 o godz. 15.30 Msza \u015bw. w intencji dzieci, rodzic\u00f3w, pracownik\u00f3w    i si\u00f3str Przedszkola si\u00f3str felicjanek w Besku.<\/p>\n<p>4. W \u015brod\u0119 od godz. 16.00 spowied\u017a przed odpustem parafialnym dla starszych oraz dla dzieci i m\u0142odzie\u017cy  na zako\u0144czenie roku szkolnego                                   i katechetycznego. Prosimy rodzic\u00f3w, aby przypomnieli dzieciom i m\u0142odzie\u017cy o spowiedzi \u015bwi\u0119tej.<\/p>\n<p>5. W czwartek zako\u0144czenie oktawy Bo\u017cego Cia\u0142a. W Besku po\u015bwi\u0119cenie wiank\u00f3w i b\u0142ogos\u0142awie\u0144stwo dzieci na Mszy \u015bw. o godz. 18.00. W ko\u015bcio\u0142ach filialnych Msza \u015bw., po\u015bwi\u0119cenie wiank\u00f3w i b\u0142ogos\u0142awie\u0144stwo dzieci w Mymoniu i Por\u0119bach o godz. 16.00.<\/p>\n<p>5. W  pi\u0105tek 27 czerwca &#8211; Odpust parafialny Matki Bo\u017cej Nieustaj\u0105cej Pomocy. Porz\u0105dek Mszy \u015bwi\u0119tej w Besku:<br \/>\n&#8211; rano o godz. 8.00. Msza \u015bw. na zako\u0144czenie roku szkolnego i katechetycznego.<br \/>\n   Uroczysta suma z procesj\u0105 eucharystyczn\u0105 o godzinie 11.00, kt\u00f3r\u0105 odprawi i kazanie wyg\u0142osi neoprezbiter ks. Krzysztof Matusik, kt\u00f3ry          w Wielkim Po\u015bcie odbywa\u0142 praktyk\u0119 duszpastersk\u0105 jako diakon w naszej Parafii. Po procesji b\u0142ogos\u0142awie\u0144stwo prymicyjne. Serdecznie zapraszamy Parafian. Po po\u0142udniu Msza \u015bw. o godz. 18.00. Przypominamy Parafianom, \u017ce w tym dniu jest obowi\u0105zek u uczestniczenia we Mszy \u015bw., a pod zwyk\u0142ymi warunkami mo\u017cna zyska\u0107 odpust zupe\u0142ny. Korzystajmy z tych dar\u00f3w duchowych, kt\u00f3re w tym dniu daje Ko\u015bci\u00f3\u0142 naszej Parafii. W tym dniu nie obowi\u0105zuje wstrzemi\u0119\u017aliwo\u015b\u0107 od pokarm\u00f3w mi\u0119snych.<\/p>\n<p>6. W pi\u0105tek 27 czerwca odpust Naj\u015bwi\u0119tszego Serca Pana Jezusa w Por\u0119bach. Uroczysta Msza \u015bw. o godz. 11.00 z procesj\u0105 eucharystyczn\u0105 kt\u00f3r\u0105 odprawi i kazanie wyg\u0142osi ks. Kanonik J\u00f3zef Niezgoda proboszcz z Milczy \u2013 obchodz\u0105cy 35 lecie kap\u0142a\u0144stwa.<\/p>\n<p>6. W sobot\u0119 28 czerwca  odpust Niepokalanego Serca Naj\u015bwi\u0119tszej Maryi Panny. Odpust w Milczy, suma o godz. 10.30.<\/p>\n<p>7. W przysz\u0142\u0105 niedziel\u0119 29 czerwca Uroczysto\u015b\u0107 \u015bwi\u0119tych Aposto\u0142\u00f3w Piotra i Paw\u0142a. Taca z tej uroczysto\u015bci przeznaczona jest na Stolic\u0119 Apostolsk\u0105. Jest to dzie\u0144 imienin naszego wikariusza ksi\u0119dza Paw\u0142a. Polecamy jego osob\u0119 modlitwie Parafian.<\/p>\n<p>8. Dzi\u0119kujemy Parafianom  za przygotowanie o\u0142tarzy na Bo\u017ce Cia\u0142o i procesji eucharystycznej &#8211; orkiestrze OSP z Beska, panu organi\u015bcie, panu ko\u015bcielnemu, stra\u017cakom nios\u0105cym baldachim, kandelabry, siostrom zakonnym, Parafiankom i Parafianom nios\u0105cym krzy\u017c, ber\u0142o, obrazy, feretrony, chor\u0105gwie, lektorom, ministrantom, dzieciom sypi\u0105cym kwiaty, dzieciom pierwszokomunijnym, za bardzo dobre nag\u0142o\u015bnienie uroczystej procesji eucharystycznej i wszystkim kt\u00f3rzy w jakikolwiek spos\u00f3b przyczynili si\u0119 do u\u015bwietnienia Uroczysto\u015bci Bo\u017cego Cia\u0142a. B\u00f3g zap\u0142a\u0107.<\/p>\n","protected":false},"excerpt":{"rendered":"<p>12 Niedziela zwyk\u0142a 22.06.2025 roku 1. Trwa oktawa Bo\u017cego Cia\u0142a. Procesje eucharystyczne w oktawie Bo\u017cego Cia\u0142a w Besku b\u0119d\u0105 odprawiane w dni powszednie po Mszy \u015bw. wieczorowej, a niedziel\u0119 po sumie. 2. We wtorek 24 czerwca Uroczysto\u015b\u0107 Narodzenie \u015bw. Jana Chrzciciela. Jest to dzie\u0144 imienin \u015bp. ks. Jana Mikosza. Polecamy<span class=\"more-link\"><a href=\"https:\/\/parafiabesko.pl\/?p=11132\">Czytaj wi\u0119cej<\/a><\/span><\/p>\n","protected":false},"author":1,"featured_media":0,"comment_status":"closed","ping_status":"open","sticky":false,"template":"","format":"standard","meta":{"footnotes":""},"categories":[7],"tags":[],"class_list":["entry","author-adminparafiibesko","post-11132","post","type-post","status-publish","format-standard","category-ogloszenia-parafialne"],"_links":{"self":[{"href":"https:\/\/parafiabesko.pl\/index.php?rest_route=\/wp\/v2\/posts\/11132","targetHints":{"allow":["GET"]}}],"collection":[{"href":"https:\/\/parafiabesko.pl\/index.php?rest_route=\/wp\/v2\/posts"}],"about":[{"href":"https:\/\/parafiabesko.pl\/index.php?rest_route=\/wp\/v2\/types\/post"}],"author":[{"embeddable":true,"href":"https:\/\/parafiabesko.pl\/index.php?rest_route=\/wp\/v2\/users\/1"}],"replies":[{"embeddable":true,"href":"https:\/\/parafiabesko.pl\/index.php?rest_route=%2Fwp%2Fv2%2Fcomments&post=11132"}],"version-history":[{"count":0,"href":"https:\/\/parafiabesko.pl\/index.php?rest_route=\/wp\/v2\/posts\/11132\/revisions"}],"wp:attachment":[{"href":"https:\/\/parafiabesko.pl\/index.php?rest_route=%2Fwp%2Fv2%2Fmedia&parent=11132"}],"wp:term":[{"taxonomy":"category","embeddable":true,"href":"https:\/\/parafiabesko.pl\/index.php?rest_route=%2Fwp%2Fv2%2Fcategories&post=11132"},{"taxonomy":"post_tag","embeddable":true,"href":"https:\/\/parafiabesko.pl\/index.php?rest_route=%2Fwp%2Fv2%2Ftags&post=11132"}],"curies":[{"name":"wp","href":"https:\/\/api.w.org\/{rel}","templated":true}]}}