{"id":11130,"date":"2025-06-21T14:33:05","date_gmt":"2025-06-21T14:33:05","guid":{"rendered":"https:\/\/parafiabesko.pl\/?p=11130"},"modified":"2025-06-21T14:33:05","modified_gmt":"2025-06-21T14:33:05","slug":"intencje-mszalne-23-29-06-2025r","status":"publish","type":"post","link":"https:\/\/parafiabesko.pl\/?p=11130","title":{"rendered":"Intencje mszalne 23-29.06.2025r."},"content":{"rendered":"<p>AD 2025<br \/>\n12 Tydzie\u0144 zwyk\u0142y<br \/>\n23-29.06.2025r.<\/p>\n<p>Poniedzia\u0142ek<br \/>\n23.06.2025r.<br \/>\n\t7.00\t+Andrzej i zmarli z rodziny<br \/>\n\t18.00\t1. +Janina, Antoni Kwiatkowscy<br \/>\n2. +Kazimierz Ma\u015blanka \/poza Parafi\u0105\/<br \/>\nWtorek<br \/>\n24.06.2025r.<br \/>\n\t7.00\t+Janina, Stanis\u0142aw Mroczkowscy<br \/>\n\t18.00\t1. +Jan Franasik<br \/>\n2. +Jan, Kazimiera Szul \/poza Parafi\u0105\/<br \/>\n\u015aroda<br \/>\n25.06.2025r.<br \/>\n\t7.00\t+Maria Szcz\u0119sna<br \/>\n\t15.30\tMsza \u015bw. w intencji dzieci, rodzic\u00f3w, pracownik\u00f3w i si\u00f3str Przedszkola si\u00f3str felicjanek w Besku.<br \/>\n\t18.00\t1. +ks. Jan Mikosz<br \/>\n2. +Maria Mermer \/19 r. \u015bm.\/, \/poza Parafi\u0105\/<br \/>\nCzwartek<br \/>\n26.06.20225r.<\/p>\n<p>\t7.00\t+Mieczys\u0142aw Konik<br \/>\n\t18.00\t+W\u0142adys\u0142aw Folczyk i zm. babcie i dziadkowie<br \/>\nPi\u0105tek<br \/>\nOdpust<br \/>\n27.06.20225r.<\/p>\n<p>\t8.00\tMsza \u015bw. na zako\u0144czenie roku szkolnego i katechetycznego<br \/>\n\t11.00\tZa Parafian<br \/>\n\t18.00\t+Jan Ja\u015blar<br \/>\nSobota<br \/>\n28.06.20225r.<br \/>\n\t7.00\t+Piotr, Pawe\u0142 Winiarscy<br \/>\n\t18.00\t-W 18 urodziny Wiktora z pro\u015bb\u0105 o opiek\u0119 Bo\u017c\u0105 w doros\u0142ym \u017cyciu<br \/>\nNiedziela<br \/>\n29.06.20225r.<\/p>\n<p>\t7.30\t+Tadeusz, Stanis\u0142aw\u0119, J\u00f3zef, Domicela<br \/>\n\t9.15\t+Grzegorz, Kazimier\u0119 Suwa\u0142a<br \/>\n\t11.00\tZa Parafian<br \/>\n\t16.30\t-W intencji ks. Paw\u0142a w dniu imienin z pro\u015bb\u0105 o potrzebne \u0142aski of. siostry felicjanki<\/p>\n","protected":false},"excerpt":{"rendered":"<p>AD 2025 12 Tydzie\u0144 zwyk\u0142y 23-29.06.2025r. Poniedzia\u0142ek 23.06.2025r. 7.00 +Andrzej i zmarli z rodziny 18.00 1. +Janina, Antoni Kwiatkowscy 2. +Kazimierz Ma\u015blanka \/poza Parafi\u0105\/ Wtorek 24.06.2025r. 7.00 +Janina, Stanis\u0142aw Mroczkowscy 18.00 1. +Jan Franasik 2. +Jan, Kazimiera Szul \/poza Parafi\u0105\/ \u015aroda 25.06.2025r. 7.00 +Maria Szcz\u0119sna 15.30 Msza \u015bw. w intencji<span class=\"more-link\"><a href=\"https:\/\/parafiabesko.pl\/?p=11130\">Czytaj wi\u0119cej<\/a><\/span><\/p>\n","protected":false},"author":1,"featured_media":0,"comment_status":"closed","ping_status":"open","sticky":false,"template":"","format":"standard","meta":{"footnotes":""},"categories":[4],"tags":[],"class_list":["entry","author-adminparafiibesko","post-11130","post","type-post","status-publish","format-standard","category-intencje-mszalne"],"_links":{"self":[{"href":"https:\/\/parafiabesko.pl\/index.php?rest_route=\/wp\/v2\/posts\/11130","targetHints":{"allow":["GET"]}}],"collection":[{"href":"https:\/\/parafiabesko.pl\/index.php?rest_route=\/wp\/v2\/posts"}],"about":[{"href":"https:\/\/parafiabesko.pl\/index.php?rest_route=\/wp\/v2\/types\/post"}],"author":[{"embeddable":true,"href":"https:\/\/parafiabesko.pl\/index.php?rest_route=\/wp\/v2\/users\/1"}],"replies":[{"embeddable":true,"href":"https:\/\/parafiabesko.pl\/index.php?rest_route=%2Fwp%2Fv2%2Fcomments&post=11130"}],"version-history":[{"count":0,"href":"https:\/\/parafiabesko.pl\/index.php?rest_route=\/wp\/v2\/posts\/11130\/revisions"}],"wp:attachment":[{"href":"https:\/\/parafiabesko.pl\/index.php?rest_route=%2Fwp%2Fv2%2Fmedia&parent=11130"}],"wp:term":[{"taxonomy":"category","embeddable":true,"href":"https:\/\/parafiabesko.pl\/index.php?rest_route=%2Fwp%2Fv2%2Fcategories&post=11130"},{"taxonomy":"post_tag","embeddable":true,"href":"https:\/\/parafiabesko.pl\/index.php?rest_route=%2Fwp%2Fv2%2Ftags&post=11130"}],"curies":[{"name":"wp","href":"https:\/\/api.w.org\/{rel}","templated":true}]}}