{"id":11126,"date":"2025-06-14T14:33:51","date_gmt":"2025-06-14T14:33:51","guid":{"rendered":"https:\/\/parafiabesko.pl\/?p=11126"},"modified":"2025-06-14T14:33:51","modified_gmt":"2025-06-14T14:33:51","slug":"uroczystosc-trojcy-przenajswietszej-15-06-2025r","status":"publish","type":"post","link":"https:\/\/parafiabesko.pl\/?p=11126","title":{"rendered":"Uroczysto\u015b\u0107 Tr\u00f3jcy Przenaj\u015bwi\u0119tszej 15.06.2025r."},"content":{"rendered":"<p>Uroczysto\u015b\u0107 Tr\u00f3jcy Przenaj\u015bwi\u0119tszej<br \/>\n15.06.2025 roku<br \/>\n1. Dzisiaj w Uroczysto\u015b\u0107 Tr\u00f3jcy Przenaj\u015bwi\u0119tszej  ko\u0144czy si\u0119 okres komunii \u015bw. wielkanocnej.<\/p>\n<p>2. Pr\u00f3ba sypania kwiat\u00f3w dla dziewczynek przed Uroczysto\u015bci\u0105 Bo\u017cego Cia\u0142a b\u0119dzie we wtorek o godz. 17.30 ko\u0142o ko\u015bcio\u0142a.<\/p>\n<p>3. Nabo\u017ce\u0144stwo czerwcowe do NSPJ codziennie po Mszy \u015bw. wieczorowej.<\/p>\n<p>4. W czwartek Uroczysto\u015b\u0107 Naj\u015bwi\u0119tszego Cia\u0142a i Krwi Chrystusa \u2013 Bo\u017ce Cia\u0142o. Porz\u0105dek Mszy \u015bw. w Besku: rano 7.30, uroczysta suma o godzinie 10.00  i procesja eucharystyczna do 4 o\u0142tarzy.<\/p>\n<p>Trasa procesji eucharystycznej:<br \/>\n1. o\u0142tarz \u2013 rodzina p. Krzemi\u0144skich i s\u0105siedzi<br \/>\n2. o\u0142tarz \u2013 rodzina p. Stapi\u0144skich i s\u0105siedzi<br \/>\n3. o\u0142tarz \u2013 rodzina p. Ba\u0142aban i s\u0105siedzi<br \/>\n4. o\u0142tarz \u2013 siostry Felicjanki<\/p>\n<p>    Prosimy, aby do udekorowania o\u0142tarzy w\u0142\u0105czyli si\u0119 wszyscy s\u0105siedzi. \u015apiew na procesji prowadzi orkiestra OSP Besko na przemian z panem organist\u0105. Na procesj\u0119 bierzemy \u2013 krzy\u017c, ber\u0142o, chor\u0105gwie, feretron, baldachim i kandelabry nios\u0105 stra\u017cacy, do 7 obraz\u00f3w i figur  \u2013 prosimy Parafianki w strojach ludowych, m\u0119\u017cczy\u017ani nios\u0105 figur\u0119 NSPJ w kome\u017ckach, pozosta\u0142e obrazy i figury nios\u0105 parafianki. Po modlitwie przy 4 o\u0142tarzu od\u015bpiewamy dzi\u0119kczynne \u2013\u201eCiebie Boga wys\u0142awiamy\u2026\u201d b\u0142ogos\u0142awie\u0144stwo Naj\u015bwi\u0119tszym Sakramentem i powr\u00f3t do ko\u015bcio\u0142a, gdzie hymnem \u201eBo\u017ce co\u015b Polsk\u0119\u2026\u201d zako\u0144czymy procesj\u0119 eucharystyczn\u0105. Na procesj\u0119 zapraszamy dzieci klasy trzeciej w strojach pierwszokomunijnych oraz ma\u0142e dzieci do sypania kwiat\u00f3w.<br \/>\n   Po po\u0142udniu o godzinie 16.00 procesja eucharystyczna wok\u00f3\u0142 ko\u015bcio\u0142a i Msza \u015bwi\u0119ta<br \/>\n   W ko\u015bcio\u0142ach filialnych w Mymoniu o godz. 8.00 a w Por\u0119bach o godz. 9.30 Msza \u015bwi\u0119ta i procesja eucharystyczna wok\u00f3\u0142 ko\u015bcio\u0142a.<br \/>\n    Procesje eucharystyczne w oktawie Bo\u017cego Cia\u0142a b\u0119d\u0105 odprawiane w dni powszednie po Mszy \u015bwi\u0119tej wieczorowej, a niedziel\u0119 po sumie. W ko\u015bcio\u0142ach filialnych w niedziel\u0119 po Mszy \u015bw.<\/p>\n<p>5. W pi\u0105tek po Bo\u017cym Ciele nie obowi\u0105zuje wstrzemi\u0119\u017aliwo\u015b\u0107 od pokarm\u00f3w mi\u0119snych.<\/p>\n<p>6. W tym tygodniu b\u0119dzie sk\u0142adka po domach na prace przy naszym ko\u015bciele. Zbierane ofiary b\u0119d\u0105 przeznaczone na prace przy stacjach drogi krzy\u017cowej do nowego ko\u015bcio\u0142a. Prosimy osoby zbieraj\u0105ce ofiary o pobranie zeszyt\u00f3w ofiarodawc\u00f3w z kancelarii parafialnej.<\/p>\n<p>7. Dzi\u0119kujemy Wojciechowi Zubikowi za ofiarowanie drabiny wysoko\u015bciowej dla naszego ko\u015bcio\u0142owi. B\u00f3g zap\u0142a\u0107!<\/p>\n","protected":false},"excerpt":{"rendered":"<p>Uroczysto\u015b\u0107 Tr\u00f3jcy Przenaj\u015bwi\u0119tszej 15.06.2025 roku 1. Dzisiaj w Uroczysto\u015b\u0107 Tr\u00f3jcy Przenaj\u015bwi\u0119tszej ko\u0144czy si\u0119 okres komunii \u015bw. wielkanocnej. 2. Pr\u00f3ba sypania kwiat\u00f3w dla dziewczynek przed Uroczysto\u015bci\u0105 Bo\u017cego Cia\u0142a b\u0119dzie we wtorek o godz. 17.30 ko\u0142o ko\u015bcio\u0142a. 3. Nabo\u017ce\u0144stwo czerwcowe do NSPJ codziennie po Mszy \u015bw. wieczorowej. 4. W czwartek Uroczysto\u015b\u0107 Naj\u015bwi\u0119tszego<span class=\"more-link\"><a href=\"https:\/\/parafiabesko.pl\/?p=11126\">Czytaj wi\u0119cej<\/a><\/span><\/p>\n","protected":false},"author":1,"featured_media":0,"comment_status":"closed","ping_status":"open","sticky":false,"template":"","format":"standard","meta":{"footnotes":""},"categories":[7],"tags":[],"class_list":["entry","author-adminparafiibesko","post-11126","post","type-post","status-publish","format-standard","category-ogloszenia-parafialne"],"_links":{"self":[{"href":"https:\/\/parafiabesko.pl\/index.php?rest_route=\/wp\/v2\/posts\/11126","targetHints":{"allow":["GET"]}}],"collection":[{"href":"https:\/\/parafiabesko.pl\/index.php?rest_route=\/wp\/v2\/posts"}],"about":[{"href":"https:\/\/parafiabesko.pl\/index.php?rest_route=\/wp\/v2\/types\/post"}],"author":[{"embeddable":true,"href":"https:\/\/parafiabesko.pl\/index.php?rest_route=\/wp\/v2\/users\/1"}],"replies":[{"embeddable":true,"href":"https:\/\/parafiabesko.pl\/index.php?rest_route=%2Fwp%2Fv2%2Fcomments&post=11126"}],"version-history":[{"count":0,"href":"https:\/\/parafiabesko.pl\/index.php?rest_route=\/wp\/v2\/posts\/11126\/revisions"}],"wp:attachment":[{"href":"https:\/\/parafiabesko.pl\/index.php?rest_route=%2Fwp%2Fv2%2Fmedia&parent=11126"}],"wp:term":[{"taxonomy":"category","embeddable":true,"href":"https:\/\/parafiabesko.pl\/index.php?rest_route=%2Fwp%2Fv2%2Fcategories&post=11126"},{"taxonomy":"post_tag","embeddable":true,"href":"https:\/\/parafiabesko.pl\/index.php?rest_route=%2Fwp%2Fv2%2Ftags&post=11126"}],"curies":[{"name":"wp","href":"https:\/\/api.w.org\/{rel}","templated":true}]}}