{"id":11124,"date":"2025-06-14T14:31:58","date_gmt":"2025-06-14T14:31:58","guid":{"rendered":"https:\/\/parafiabesko.pl\/?p=11124"},"modified":"2025-06-14T14:31:58","modified_gmt":"2025-06-14T14:31:58","slug":"intencje-mszalne-16-23-06-2025r","status":"publish","type":"post","link":"https:\/\/parafiabesko.pl\/?p=11124","title":{"rendered":"Intencje mszalne 16-22.06.2025r.."},"content":{"rendered":"<p>AD 2025<br \/>\n11 Tydzie\u0144 okresu zwyk\u0142ego<br \/>\n16-22.06.2025r.<\/p>\n<p>Poniedzia\u0142ek<br \/>\n16.06.2025r.<br \/>\n\t7.00\t+J\u00f3zef W\u0119grzyn of. \u017cona<br \/>\n\t18.00\t1. +Teofil Czy\u017c<br \/>\n2. +Maria, Adam, Helena, Kornasiewicz i zm. rodzice \/poza Parafi\u0105\/<br \/>\nWtorek<br \/>\n17.06.2025r.<br \/>\n\t7.00\t+Stanis\u0142aw Nisiewicz of. \u017cona i syn<br \/>\n\t18.00\t1. +Zofia, W\u0142adys\u0142aw<br \/>\n2. +Marek, Bo\u017cena Fedio \/poza Parafi\u0105\/<br \/>\n\u015aroda<br \/>\n18.06.2025r.<br \/>\n\t7.00\t+Stanis\u0142aw\u0119 \/20 r. \u015bm.\/, Micha\u0142 Kasperkowicz<br \/>\n\t18.00\t1. +Czes\u0142aw\u0119 Knurek of. syn Marek \u017con\u0105<br \/>\n2. +Stanis\u0142aw \/poza Parafi\u0105\/<br \/>\nCzwartek<br \/>\nBo\u017ce<br \/>\n Cia\u0142o<br \/>\n19.06.2025r.<br \/>\n\t7.30\t+Maria, Pawe\u0142 Zubik<br \/>\n\t10.00\tZa Parafian<br \/>\n\t16.00\t+J\u00f3zef, Czes\u0142aw\u0119 i zm. z rodziny Pojnar<br \/>\nPi\u0105tek<br \/>\n20.06.2025r.<br \/>\n\t7.00\t+Janina Nycz of. s\u0105siedzi z ul. D\u0142ugiej<br \/>\n\t18.00\t1. +Helena Sadowska<br \/>\n2. +J\u00f3zef, Ludwik\u0119 i zm. z rodziny \/poza Parafi\u0105\/<br \/>\nSobota<br \/>\n21.06.2025r.<\/p>\n<p>\t7.00\t+Piotr Winiarski of. c\u00f3rka i Pawe\u0142 Winiarski of. chrze\u015bnica<br \/>\n\t18.00\t1. +Maria Zubik \/1 r. \u015bm.\/<br \/>\n2. +Alojzy, Eugenia, Zofia, Piotr \/poza Paraf\u0105\/<br \/>\nNiedziela<br \/>\n22.06.2025r.<br \/>\n\t7.30\t-O \u0142ask\u0119 zdrowia<br \/>\n\t9.15\t&#8211; W 18 urodziny Wiktorii z pro\u015bb\u0119 o opiek\u0119 Bo\u017c\u0105 w doros\u0142ym \u017cyciu<br \/>\n\t11.00\tZa Parafian<br \/>\n\t16.30\t+Boles\u0142aw Szybka \/1 r. \u015bm.\/<\/p>\n","protected":false},"excerpt":{"rendered":"<p>AD 2025 11 Tydzie\u0144 okresu zwyk\u0142ego 16-22.06.2025r. Poniedzia\u0142ek 16.06.2025r. 7.00 +J\u00f3zef W\u0119grzyn of. \u017cona 18.00 1. +Teofil Czy\u017c 2. +Maria, Adam, Helena, Kornasiewicz i zm. rodzice \/poza Parafi\u0105\/ Wtorek 17.06.2025r. 7.00 +Stanis\u0142aw Nisiewicz of. \u017cona i syn 18.00 1. +Zofia, W\u0142adys\u0142aw 2. +Marek, Bo\u017cena Fedio \/poza Parafi\u0105\/ \u015aroda 18.06.2025r. 7.00<span class=\"more-link\"><a href=\"https:\/\/parafiabesko.pl\/?p=11124\">Czytaj wi\u0119cej<\/a><\/span><\/p>\n","protected":false},"author":1,"featured_media":0,"comment_status":"closed","ping_status":"open","sticky":false,"template":"","format":"standard","meta":{"footnotes":""},"categories":[4],"tags":[],"class_list":["entry","author-adminparafiibesko","post-11124","post","type-post","status-publish","format-standard","category-intencje-mszalne"],"_links":{"self":[{"href":"https:\/\/parafiabesko.pl\/index.php?rest_route=\/wp\/v2\/posts\/11124","targetHints":{"allow":["GET"]}}],"collection":[{"href":"https:\/\/parafiabesko.pl\/index.php?rest_route=\/wp\/v2\/posts"}],"about":[{"href":"https:\/\/parafiabesko.pl\/index.php?rest_route=\/wp\/v2\/types\/post"}],"author":[{"embeddable":true,"href":"https:\/\/parafiabesko.pl\/index.php?rest_route=\/wp\/v2\/users\/1"}],"replies":[{"embeddable":true,"href":"https:\/\/parafiabesko.pl\/index.php?rest_route=%2Fwp%2Fv2%2Fcomments&post=11124"}],"version-history":[{"count":0,"href":"https:\/\/parafiabesko.pl\/index.php?rest_route=\/wp\/v2\/posts\/11124\/revisions"}],"wp:attachment":[{"href":"https:\/\/parafiabesko.pl\/index.php?rest_route=%2Fwp%2Fv2%2Fmedia&parent=11124"}],"wp:term":[{"taxonomy":"category","embeddable":true,"href":"https:\/\/parafiabesko.pl\/index.php?rest_route=%2Fwp%2Fv2%2Fcategories&post=11124"},{"taxonomy":"post_tag","embeddable":true,"href":"https:\/\/parafiabesko.pl\/index.php?rest_route=%2Fwp%2Fv2%2Ftags&post=11124"}],"curies":[{"name":"wp","href":"https:\/\/api.w.org\/{rel}","templated":true}]}}