{"id":11120,"date":"2025-06-07T16:14:44","date_gmt":"2025-06-07T16:14:44","guid":{"rendered":"https:\/\/parafiabesko.pl\/?p=11120"},"modified":"2025-06-07T16:14:44","modified_gmt":"2025-06-07T16:14:44","slug":"ogloszenia-parafialne-zeslanie-ducha-swietego-8-06-2025r","status":"publish","type":"post","link":"https:\/\/parafiabesko.pl\/?p=11120","title":{"rendered":"Og\u0142oszenia parafialne Zes\u0142anie Ducha \u015bwi\u0119tego 8.06.2025r"},"content":{"rendered":"<p>Zes\u0142anie Ducha \u015bwi\u0119tego<\/p>\n<p>8.06.2025 r.<\/p>\n<p>1. Dzisiaj mo\u017cemy zyska\u0107 odpust zupe\u0142ny pod zwyk\u0142ymi warunkami za pobo\u017cne odm\u00f3wienie: \u201eO Stworzycielu Duchu przyjd\u017a\u2026<\/p>\n<p>2. Od wczoraj w naszej Parafii trwa Eucharystyczne Nabo\u017ce\u0144stwo 40-godzinne, a oto  program:<\/p>\n<p>NIEDZIELA<br \/>\nNiedziela 8.06.2025 r. Zes\u0142anie Ducha \u015bwi\u0119tego \u2013 Zielone \u015awi\u0105tki<br \/>\nGodz.  7.30  Msza \u015bw. i adoracja<br \/>\nGodz.  9.15  Msza \u015bw. i adoracja<br \/>\nGodz. 11.00 Msza \u015bw. i adoracja<br \/>\nGodz. 16.00  Nabo\u017ce\u0144stwo czerwcowe do NSPJ i  Msza \u015bw.<\/p>\n<p>Poniedzia\u0142ek 9.06.2025 r. \u015awi\u0119to NMP Matki Ko\u015bcio\u0142a<br \/>\nGodz.   7.30  Msza \u015bw. z kazaniem i adoracja<br \/>\nGodz. 11.00  Msza \u015bw. z kazaniem i adoracja<br \/>\nGodz. 18.00  Nabo\u017ce\u0144stwo czerwcowe do NSPJ, Te Deum, i Msza \u015bw. i na zako\u0144czenie nabo\u017ce\u0144stwa eucharystycznego.<\/p>\n<p>PORZ\u0104DEK ADORACJI<br \/>\nEucharystyczne Nabo\u017ce\u0144stwo 40 \u2013 godzinne<\/p>\n<p>NIEDZIELA<br \/>\ngodz.   7.30 &#8211; 11.00 &#8211; rodziny z dzielnic: Sucha Wie\u015b, POM, Pekum<br \/>\ngodz. 11.00 &#8211; 16.00 &#8211; rodziny z dzielnic: Ogrody, G\u00f3ry, Podg\u00f3ry, Mymo\u0144<\/p>\n<p>PONIEDZIA\u0141EK<br \/>\ngodz.   7.30 &#8211; 14.00 &#8211; rodziny z dzielnic: Wola, Porzecze<br \/>\ngodz. 14.00 &#8211; 18.00 &#8211; rodziny z dzielnic: Wie\u015b, dzielnica od tor\u00f3w w stron\u0119 Por\u0119b i Por\u0119by<\/p>\n<p>Drodzy Parafianie !<br \/>\nNiech ten \u015bwi\u0119ty czas, kiedy wielbimy Pana Jezusa w Naj\u015bwi\u0119tszym Sakramencie i rozwa\u017camy Dar jaki zostawi\u0142 nam B\u00f3g  b\u0119dzie dla ka\u017cdej rodziny naszej Parafii okazj\u0105 do modlitwy i \u015bwiadectwa naszej mi\u0142o\u015bci do JEZUSA EUCHARYSTYCZNEGO przez liczny udzia\u0142 w nabo\u017ce\u0144stwach i adoracji.<\/p>\n<p>                                                                                       Szcz\u0119\u015b\u0107 Bo\u017ce !<br \/>\nProgram nabo\u017ce\u0144stwa i adoracji wywieszony jest na tablicy og\u0142osze\u0144 i na stronie internetowej Parafii prosimy si\u0119 z nim zapozna\u0107.<\/p>\n<p>3. Nabo\u017ce\u0144stwo czerwcowe do NSPJ w dni powszednie po Mszy \u015bw. wieczorowej.<\/p>\n<p>4. We czwartek \u015bwi\u0119to Jezusa Chrystusa Najwy\u017cszego Kap\u0142ana, modlimy si\u0119 za kap\u0142an\u00f3w i o nowe powo\u0142ania do \u017cycia kap\u0142a\u0144skiego.<\/p>\n<p>5. W najbli\u017csz\u0105 niedziel\u0119 \u2013 Uroczysto\u015b\u0107 Tr\u00f3jcy Przenaj\u015bwi\u0119tszej. Ko\u0144czy si\u0119 okres Komunii \u015bw. wielkanocnej.<\/p>\n","protected":false},"excerpt":{"rendered":"<p>Zes\u0142anie Ducha \u015bwi\u0119tego 8.06.2025 r. 1. Dzisiaj mo\u017cemy zyska\u0107 odpust zupe\u0142ny pod zwyk\u0142ymi warunkami za pobo\u017cne odm\u00f3wienie: \u201eO Stworzycielu Duchu przyjd\u017a\u2026 2. Od wczoraj w naszej Parafii trwa Eucharystyczne Nabo\u017ce\u0144stwo 40-godzinne, a oto program: NIEDZIELA Niedziela 8.06.2025 r. Zes\u0142anie Ducha \u015bwi\u0119tego \u2013 Zielone \u015awi\u0105tki Godz. 7.30 Msza \u015bw. i adoracja<span class=\"more-link\"><a href=\"https:\/\/parafiabesko.pl\/?p=11120\">Czytaj wi\u0119cej<\/a><\/span><\/p>\n","protected":false},"author":1,"featured_media":0,"comment_status":"closed","ping_status":"open","sticky":false,"template":"","format":"standard","meta":{"footnotes":""},"categories":[7],"tags":[],"class_list":["entry","author-adminparafiibesko","post-11120","post","type-post","status-publish","format-standard","category-ogloszenia-parafialne"],"_links":{"self":[{"href":"https:\/\/parafiabesko.pl\/index.php?rest_route=\/wp\/v2\/posts\/11120","targetHints":{"allow":["GET"]}}],"collection":[{"href":"https:\/\/parafiabesko.pl\/index.php?rest_route=\/wp\/v2\/posts"}],"about":[{"href":"https:\/\/parafiabesko.pl\/index.php?rest_route=\/wp\/v2\/types\/post"}],"author":[{"embeddable":true,"href":"https:\/\/parafiabesko.pl\/index.php?rest_route=\/wp\/v2\/users\/1"}],"replies":[{"embeddable":true,"href":"https:\/\/parafiabesko.pl\/index.php?rest_route=%2Fwp%2Fv2%2Fcomments&post=11120"}],"version-history":[{"count":0,"href":"https:\/\/parafiabesko.pl\/index.php?rest_route=\/wp\/v2\/posts\/11120\/revisions"}],"wp:attachment":[{"href":"https:\/\/parafiabesko.pl\/index.php?rest_route=%2Fwp%2Fv2%2Fmedia&parent=11120"}],"wp:term":[{"taxonomy":"category","embeddable":true,"href":"https:\/\/parafiabesko.pl\/index.php?rest_route=%2Fwp%2Fv2%2Fcategories&post=11120"},{"taxonomy":"post_tag","embeddable":true,"href":"https:\/\/parafiabesko.pl\/index.php?rest_route=%2Fwp%2Fv2%2Ftags&post=11120"}],"curies":[{"name":"wp","href":"https:\/\/api.w.org\/{rel}","templated":true}]}}