{"id":11118,"date":"2025-06-07T16:12:58","date_gmt":"2025-06-07T16:12:58","guid":{"rendered":"https:\/\/parafiabesko.pl\/?p=11118"},"modified":"2025-06-07T16:12:58","modified_gmt":"2025-06-07T16:12:58","slug":"intencje-mszalne-9-15-06-2025r","status":"publish","type":"post","link":"https:\/\/parafiabesko.pl\/?p=11118","title":{"rendered":"Intencje mszalne 9-15.06.2025r."},"content":{"rendered":"<p>AD 2025<br \/>\n9-15.06.2025r.<\/p>\n<p>Poniedzia\u0142ek<br \/>\n9.06.2025r.<br \/>\nMatki<br \/>\nKo\u015bcio\u0142a<br \/>\n\t7.30\t-W 18 r. urodzin Filipa Skubla z pro\u015bb\u0105 o opiek\u0119 Bo\u017c\u0105 w doros\u0142ym \u017cyciu<br \/>\n\t11.00\t+Czes\u0142aw\u0119 Knurek of. Syn Witold z rodzin\u0105<br \/>\n\t18.00\t-W intencji si\u00f3str o opiek\u0119 Bo\u017c\u0105 of. r\u00f3\u017ca M. Ko\u015bcio\u0142a prze\u0142o\u017cona Stanis\u0142awa Strachocka<br \/>\nWtorek<br \/>\n10.06.2025r.<br \/>\n\t7.00\t+Jadwiga Wr\u00f3bel of. syn Adam  z \u017con\u0105<br \/>\n\t18.00\t1. +Jan Kielar \/4 r. \u015bm.\/ of. \u017cona i c\u00f3rki<br \/>\n2. +J\u00f3zef Tele\u017cy\u0144ski \/26 r. \u015bm.\/ of. c\u00f3rka \/poza Parafi\u0105\/<br \/>\n\u015aroda<br \/>\n11.06.2025r.<\/p>\n<p>\t7.00\t+Janina Nycz of. c\u00f3rki i synowie<br \/>\n\t18.00\t1. + Jan of. kuzynka Lucyna<br \/>\n2. +Monika J\u0119czkowska of. matka chrzestna \/poza Parafi\u0105\/<br \/>\nCzwartek<br \/>\n12.06.2025r.<\/p>\n<p>\t7.00\t+J\u00f3zef Saczewski of. syn Darek z rodzin\u0105<\/p>\n<p>\t18.00\t1. +Zdzis\u0142aw Ziemia\u0144ski \/13 r. \u015bm.\/<br \/>\n2. +Jerzy Wais \/poza Parafi\u0105\/<br \/>\nPi\u0105tek<br \/>\n13.06.2025r.<\/p>\n<p>\t7.00\t+Jadwiga Mermer of. dyrekcja i pracownicy szko\u0142y w Besku<br \/>\n\t18.00\t1. +Wiktoria, Ludwik, Czes\u0142aw\u0119, Tadeusz, Teresa, Julian Modliszewscy<br \/>\n2. +Wies\u0142aw \/poza Parafi\u0105\/<br \/>\nSobota<br \/>\n14.06.2025r.<\/p>\n<p>\t7.00\t+Zbigniew Kozak of. OSP w Besku<br \/>\n\t18.00\t1. Dzi\u0119kczynna w 30 r. \u015blubu Justyny i Jerzego z pro\u015bb\u0105 o opiek\u0119 Bo\u017c\u0105 dla rodziny<br \/>\n2. +J\u00f3zef \/poza Parafi\u0105\/<br \/>\nNiedziela<br \/>\n15.06.2025r.<br \/>\nTr\u00f3jcy<br \/>\n\u015bwi\u0119tej<\/p>\n<p>\t7.30\t+Jan, Natalia, Leon<br \/>\n\t9.15\t&#8211; O zdrowie i b\u0142ogos\u0142awie\u0144stwo Bo\u017ce w 22 rocznic\u0119 \u015bwiece\u0144 kap\u0142a\u0144skich ks. Krzysztofa Szyndlera<br \/>\n\t11.00\tZa Parafian<br \/>\n\t14.00<br \/>\nPor\u0119by\t-Dzi\u0119kczynna w 75 r. powstania OSP w Por\u0119bach<br \/>\n\t16.30\t+Zdzis\u0142aw Ziemia\u0144ski \/13 r. \u015bm.\/<\/p>\n","protected":false},"excerpt":{"rendered":"<p>AD 2025 9-15.06.2025r. Poniedzia\u0142ek 9.06.2025r. Matki Ko\u015bcio\u0142a 7.30 -W 18 r. urodzin Filipa Skubla z pro\u015bb\u0105 o opiek\u0119 Bo\u017c\u0105 w doros\u0142ym \u017cyciu 11.00 +Czes\u0142aw\u0119 Knurek of. Syn Witold z rodzin\u0105 18.00 -W intencji si\u00f3str o opiek\u0119 Bo\u017c\u0105 of. r\u00f3\u017ca M. Ko\u015bcio\u0142a prze\u0142o\u017cona Stanis\u0142awa Strachocka Wtorek 10.06.2025r. 7.00 +Jadwiga Wr\u00f3bel of.<span class=\"more-link\"><a href=\"https:\/\/parafiabesko.pl\/?p=11118\">Czytaj wi\u0119cej<\/a><\/span><\/p>\n","protected":false},"author":1,"featured_media":0,"comment_status":"closed","ping_status":"open","sticky":false,"template":"","format":"standard","meta":{"footnotes":""},"categories":[4],"tags":[],"class_list":["entry","author-adminparafiibesko","post-11118","post","type-post","status-publish","format-standard","category-intencje-mszalne"],"_links":{"self":[{"href":"https:\/\/parafiabesko.pl\/index.php?rest_route=\/wp\/v2\/posts\/11118","targetHints":{"allow":["GET"]}}],"collection":[{"href":"https:\/\/parafiabesko.pl\/index.php?rest_route=\/wp\/v2\/posts"}],"about":[{"href":"https:\/\/parafiabesko.pl\/index.php?rest_route=\/wp\/v2\/types\/post"}],"author":[{"embeddable":true,"href":"https:\/\/parafiabesko.pl\/index.php?rest_route=\/wp\/v2\/users\/1"}],"replies":[{"embeddable":true,"href":"https:\/\/parafiabesko.pl\/index.php?rest_route=%2Fwp%2Fv2%2Fcomments&post=11118"}],"version-history":[{"count":0,"href":"https:\/\/parafiabesko.pl\/index.php?rest_route=\/wp\/v2\/posts\/11118\/revisions"}],"wp:attachment":[{"href":"https:\/\/parafiabesko.pl\/index.php?rest_route=%2Fwp%2Fv2%2Fmedia&parent=11118"}],"wp:term":[{"taxonomy":"category","embeddable":true,"href":"https:\/\/parafiabesko.pl\/index.php?rest_route=%2Fwp%2Fv2%2Fcategories&post=11118"},{"taxonomy":"post_tag","embeddable":true,"href":"https:\/\/parafiabesko.pl\/index.php?rest_route=%2Fwp%2Fv2%2Ftags&post=11118"}],"curies":[{"name":"wp","href":"https:\/\/api.w.org\/{rel}","templated":true}]}}