{"id":11112,"date":"2025-05-30T20:11:18","date_gmt":"2025-05-30T20:11:18","guid":{"rendered":"https:\/\/parafiabesko.pl\/?p=11112"},"modified":"2025-05-30T20:11:18","modified_gmt":"2025-05-30T20:11:18","slug":"eucharystyczne-nabozenstwo-40-godzinne-w-parafii-besko","status":"publish","type":"post","link":"https:\/\/parafiabesko.pl\/?p=11112","title":{"rendered":"EUCHARYSTYCZNE NABO\u017bE\u0143STWO  40 \u2013 GODZINNE w Parafii Besko"},"content":{"rendered":"<p>EUCHARYSTYCZNE NABO\u017bE\u0143STWO<br \/>\n40 \u2013 GODZINNE<br \/>\nw Parafii Besko<\/p>\n<p>SOBOTA<br \/>\ngodz.   7.30  \u2013  Msza \u015bw. z kazaniem na rozpocz\u0119cie nabo\u017ce\u0144stwa<br \/>\ngodz. 11.00  \u2013  Msza \u015bw. z kazaniem<br \/>\ngodz. 20.00  \u2013  Wiecz\u00f3r fatimski.<\/p>\n<p>NIEDZIELA<br \/>\nZes\u0142anie Ducha \u015awi\u0119tego<br \/>\ngodz.     7.30  \u2013  Msza \u015bw. z kazaniem<br \/>\ngodz.     9.15  \u2013  Msza \u015bw. z kazaniem<br \/>\ngodz.   11.00  \u2013  Msza \u015bw. z kazaniem<br \/>\ngodz.   16.00  \u2013  Nabo\u017ce\u0144stwo do NSPJ i Msza \u015bw.<\/p>\n<p>PONIEDZIA\u0141EK<br \/>\n\u015awi\u0119to NMP &#8211; Matki Ko\u015bcio\u0142a<\/p>\n<p>godz. \u2013    7.30  \u2013  Msza \u015bw. z kazaniem<br \/>\ngodz. \u2013  11.00  \u2013  Msza \u015bw. z kazaniem<br \/>\ngodz. \u2013  18.00  \u2013  Nabo\u017ce\u0144stwo do NSPJ  i Msza \u015bw.<br \/>\nz kazaniem i zako\u0144czenie<br \/>\nEucharystycznego Nabo\u017ce\u0144stwa.<\/p>\n<p>\u201e Wielbi\u0119 Ciebie w ka\u017cdym momencie \u017cywy Chlebie nasz w tym sakramencie \u201e<\/p>\n<p>Niech s\u0142owa tej pie\u015bni spe\u0142ni\u0105 si\u0119 w ka\u017cdej rodzinie i w ka\u017cdym sercu Parafianki i Parafianina!<\/p>\n","protected":false},"excerpt":{"rendered":"<p>EUCHARYSTYCZNE NABO\u017bE\u0143STWO 40 \u2013 GODZINNE w Parafii Besko SOBOTA godz. 7.30 \u2013 Msza \u015bw. z kazaniem na rozpocz\u0119cie nabo\u017ce\u0144stwa godz. 11.00 \u2013 Msza \u015bw. z kazaniem godz. 20.00 \u2013 Wiecz\u00f3r fatimski. NIEDZIELA Zes\u0142anie Ducha \u015awi\u0119tego godz. 7.30 \u2013 Msza \u015bw. z kazaniem godz. 9.15 \u2013 Msza \u015bw. z kazaniem godz.<span class=\"more-link\"><a href=\"https:\/\/parafiabesko.pl\/?p=11112\">Czytaj wi\u0119cej<\/a><\/span><\/p>\n","protected":false},"author":1,"featured_media":0,"comment_status":"closed","ping_status":"open","sticky":false,"template":"","format":"standard","meta":{"footnotes":""},"categories":[6],"tags":[],"class_list":["entry","author-adminparafiibesko","post-11112","post","type-post","status-publish","format-standard","category-uncategorized"],"_links":{"self":[{"href":"https:\/\/parafiabesko.pl\/index.php?rest_route=\/wp\/v2\/posts\/11112","targetHints":{"allow":["GET"]}}],"collection":[{"href":"https:\/\/parafiabesko.pl\/index.php?rest_route=\/wp\/v2\/posts"}],"about":[{"href":"https:\/\/parafiabesko.pl\/index.php?rest_route=\/wp\/v2\/types\/post"}],"author":[{"embeddable":true,"href":"https:\/\/parafiabesko.pl\/index.php?rest_route=\/wp\/v2\/users\/1"}],"replies":[{"embeddable":true,"href":"https:\/\/parafiabesko.pl\/index.php?rest_route=%2Fwp%2Fv2%2Fcomments&post=11112"}],"version-history":[{"count":0,"href":"https:\/\/parafiabesko.pl\/index.php?rest_route=\/wp\/v2\/posts\/11112\/revisions"}],"wp:attachment":[{"href":"https:\/\/parafiabesko.pl\/index.php?rest_route=%2Fwp%2Fv2%2Fmedia&parent=11112"}],"wp:term":[{"taxonomy":"category","embeddable":true,"href":"https:\/\/parafiabesko.pl\/index.php?rest_route=%2Fwp%2Fv2%2Fcategories&post=11112"},{"taxonomy":"post_tag","embeddable":true,"href":"https:\/\/parafiabesko.pl\/index.php?rest_route=%2Fwp%2Fv2%2Ftags&post=11112"}],"curies":[{"name":"wp","href":"https:\/\/api.w.org\/{rel}","templated":true}]}}