{"id":11110,"date":"2025-05-30T20:09:55","date_gmt":"2025-05-30T20:09:55","guid":{"rendered":"https:\/\/parafiabesko.pl\/?p=11110"},"modified":"2025-05-30T20:09:55","modified_gmt":"2025-05-30T20:09:55","slug":"porzadek-adoracji-eucharystyczne-nabozenstwo-40-godzinne-w-parafii-besko","status":"publish","type":"post","link":"https:\/\/parafiabesko.pl\/?p=11110","title":{"rendered":"Porz\u0105dek adoracji EUCHARYSTYCZNE NABO\u017bE\u0143STWO  40 \u2013 GODZINNE  w Parafii Besko"},"content":{"rendered":"<p>PORZ\u0104DEK ADORACJI<br \/>\nEUCHARYSTYCZNE NABO\u017bE\u0143STWO<br \/>\n 40 \u2013 GODZINNE<br \/>\nw Parafii Besko<\/p>\n<p>SOBOTA<br \/>\ngodz.   7.30 \u2013 14.00 \u2013 rodziny z dzielnic:<br \/>\n                                    Hrabe\u0144, Zak\u0105cie<br \/>\ngodz. 14.00 \u2013 20.00 \u2013 rodziny z dzielnic:<br \/>\n                                    Frysztak, Cieplaki, Zapowied\u017a<\/p>\n<p>NIEDZIELA<br \/>\nZes\u0142anie Ducha \u015awi\u0119tego<br \/>\ngodz.   7.30 \u2013 11.00 \u2013 rodziny z dzielnic:<br \/>\n                                    Sucha Wie\u015b, POM, Pekum<br \/>\ngodz. 11.00 \u2013 16.00 \u2013 rodziny z dzielnic:<br \/>\n                                    Ogrody, G\u00f3ry, Podg\u00f3ry, Mymo\u0144<\/p>\n<p>PONIEDZIA\u0141EK<br \/>\n\u015awi\u0119to NMP &#8211; Matki Ko\u015bcio\u0142a<br \/>\ngodz.   7.30 \u2013 14.00 \u2013 rodziny z dzielnic::<br \/>\n                                   Wola, Porzecze<br \/>\ngodz. 14.00 \u2013 18.00 \u2013 rodziny z dzielnic::<br \/>\n                                   Wie\u015b, dzielnica od tor\u00f3w w stron\u0119 Por\u0119b i Por\u0119by<\/p>\n<p>Drodzy Parafianie !<br \/>\nNiech ten \u015bwi\u0119ty czas, kiedy wielbimy Pana Jezusa w Naj\u015bwi\u0119tszym Sakramencie i rozwa\u017camy Dar jaki zostawi\u0142 nam B\u00f3g  b\u0119dzie dla ka\u017cdej rodziny naszej Parafii okazj\u0105 do modlitwy i \u015bwiadectwa naszej mi\u0142o\u015bci do JEZUSA EUCHARYSTYCZNEGO przez liczny udzia\u0142 w nabo\u017ce\u0144stwach i adoracji.<\/p>\n<p>                                                                                       Szcz\u0119\u015b\u0107 Bo\u017ce !<br \/>\nProgram nabo\u017ce\u0144stwa i adoracji wywieszony jest na tablicy og\u0142osze\u0144 i na stronie internetowej Parafii prosimy si\u0119 z nim zapozna\u0107.<\/p>\n","protected":false},"excerpt":{"rendered":"<p>PORZ\u0104DEK ADORACJI EUCHARYSTYCZNE NABO\u017bE\u0143STWO 40 \u2013 GODZINNE w Parafii Besko SOBOTA godz. 7.30 \u2013 14.00 \u2013 rodziny z dzielnic: Hrabe\u0144, Zak\u0105cie godz. 14.00 \u2013 20.00 \u2013 rodziny z dzielnic: Frysztak, Cieplaki, Zapowied\u017a NIEDZIELA Zes\u0142anie Ducha \u015awi\u0119tego godz. 7.30 \u2013 11.00 \u2013 rodziny z dzielnic: Sucha Wie\u015b, POM, Pekum godz. 11.00<span class=\"more-link\"><a href=\"https:\/\/parafiabesko.pl\/?p=11110\">Czytaj wi\u0119cej<\/a><\/span><\/p>\n","protected":false},"author":1,"featured_media":0,"comment_status":"closed","ping_status":"open","sticky":false,"template":"","format":"standard","meta":{"footnotes":""},"categories":[6],"tags":[],"class_list":["entry","author-adminparafiibesko","post-11110","post","type-post","status-publish","format-standard","category-uncategorized"],"_links":{"self":[{"href":"https:\/\/parafiabesko.pl\/index.php?rest_route=\/wp\/v2\/posts\/11110","targetHints":{"allow":["GET"]}}],"collection":[{"href":"https:\/\/parafiabesko.pl\/index.php?rest_route=\/wp\/v2\/posts"}],"about":[{"href":"https:\/\/parafiabesko.pl\/index.php?rest_route=\/wp\/v2\/types\/post"}],"author":[{"embeddable":true,"href":"https:\/\/parafiabesko.pl\/index.php?rest_route=\/wp\/v2\/users\/1"}],"replies":[{"embeddable":true,"href":"https:\/\/parafiabesko.pl\/index.php?rest_route=%2Fwp%2Fv2%2Fcomments&post=11110"}],"version-history":[{"count":0,"href":"https:\/\/parafiabesko.pl\/index.php?rest_route=\/wp\/v2\/posts\/11110\/revisions"}],"wp:attachment":[{"href":"https:\/\/parafiabesko.pl\/index.php?rest_route=%2Fwp%2Fv2%2Fmedia&parent=11110"}],"wp:term":[{"taxonomy":"category","embeddable":true,"href":"https:\/\/parafiabesko.pl\/index.php?rest_route=%2Fwp%2Fv2%2Fcategories&post=11110"},{"taxonomy":"post_tag","embeddable":true,"href":"https:\/\/parafiabesko.pl\/index.php?rest_route=%2Fwp%2Fv2%2Ftags&post=11110"}],"curies":[{"name":"wp","href":"https:\/\/api.w.org\/{rel}","templated":true}]}}