{"id":11108,"date":"2025-05-30T20:07:37","date_gmt":"2025-05-30T20:07:37","guid":{"rendered":"https:\/\/parafiabesko.pl\/?p=11108"},"modified":"2025-05-30T20:07:37","modified_gmt":"2025-05-30T20:07:37","slug":"ogloszenia-parafialne-wniebowstapienie-panskie-1-06-2025r","status":"publish","type":"post","link":"https:\/\/parafiabesko.pl\/?p=11108","title":{"rendered":"Og\u0142oszenia parafialne Wniebowst\u0105pienie Pa\u0144skie 1.06.2025r."},"content":{"rendered":"<p>Wniebowst\u0105pienie Pa\u0144skie<br \/>\n1.06.2025 r.<\/p>\n<p>1. Dzisiaj uroczysto\u015b\u0107 Wniebowst\u0105pienia Pa\u0144skiego. Niedziela adoracyjna, od godz.12.00 do 16.00 prywatna adoracja rodzin naszej Parafii. O godz. 16.00 litania do NSPJ i zmiana tajemnic, adoruje r\u00f3\u017ca \u015bw. Jadwigi Kr\u00f3lowej prze\u0142o\u017cona Ewa \u0106wi\u0105ka\u0142a.<\/p>\n<p>2. Taca z dzisiejszej niedzieli przeznaczona jest na WSD w Przemy\u015blu.<\/p>\n<p>3.W ostatni pi\u0105tek rozpocz\u0119\u0142a si\u0119 Nowenna przed Uroczysto\u015bci\u0105 Zes\u0142ania Ducha \u015bwi\u0119tego, Nowenna i  Nabo\u017ce\u0144stwo czerwcowe do NSPJ w dni powszednie po Mszy \u015bw. wieczorowej, a w niedziel\u0119 o godz. 16.00.<\/p>\n<p>4.Spowied\u017a przed pierwszym pi\u0105tkiem miesi\u0105ca od poniedzia\u0142ku rano i wieczorem przed Msz\u0105 \u015bw. Dzieci i m\u0142odzie\u017c do spowiedzi zapraszamy we \u015brod\u0119 od godziny 17.00.<\/p>\n<p>5. Pierwszy pi\u0105tek miesi\u0105ca rano o godzinie 7.00 Msza \u015bwi\u0119ta i adoracja, adoruje r\u00f3\u017ca \u015bw. Marii Magdaleny prze\u0142o\u017cona Maria Rajter , wieczorem o godzinie 18.00 Msza \u015bw. i nabo\u017ce\u0144stwo czerwcowe do NSPJ<br \/>\n   W ko\u015bcio\u0142ach filialnych w Mymoniu i  w Por\u0119bach o godz. 15.30 spowied\u017a, Nabo\u017ce\u0144stwo czerwcowe do NSPJ i Msza  \u015bw. Odwiedzanie chorych w Besku w sobot\u0119 od godziny 8.30.<\/p>\n<p>6.  Od najbli\u017cszej soboty rozpocznie si\u0119 w naszej Parafii:<br \/>\nEucharystyczne nabo\u017ce\u0144stwo 40 godzinne<br \/>\nParafia Besko<br \/>\nSobota 7.06.2025 r.<br \/>\nGodz.  7.30  Msza \u015bw. z kazaniem na rozpocz\u0119cie nabo\u017ce\u0144stwa i adoracja<br \/>\nGodz. 11.00 Msza \u015bw. z kazaniem i adoracja<br \/>\nGodz. 20.00 Nabo\u017ce\u0144stwo fatimskie<\/p>\n<p>Niedziela 8.06.2025 r. Zes\u0142anie Ducha \u015bwi\u0119tego \u2013 Zielone \u015awi\u0105tki<br \/>\nGodz.  7.30  Msza \u015bw. z kazaniem i adoracja<br \/>\nGodz.  9.15  Msza \u015bw. z kazaniem i adoracja<br \/>\nGodz. 11.00  Msza \u015bw. z kazaniem i adoracja<br \/>\nGodz. 16.00  Nabo\u017ce\u0144stwo czerwcowe do NSPJ i  Msza \u015bw. z kazaniem<\/p>\n<p>Poniedzia\u0142ek 9.06.2025 r. \u015awi\u0119to NMP Matki Ko\u015bcio\u0142a<br \/>\nGodz.  7.30  Msza \u015bw. z kazaniem i adoracja<br \/>\nGodz. 11.00  Msza \u015bw. z kazaniem i adoracja<br \/>\nGodz. 18.00  Nabo\u017ce\u0144stwo czerwcowe do NSPJ, Te Deum, i Msza \u015bw. i na zako\u0144czenie nabo\u017ce\u0144stwa eucharystycznego.<\/p>\n<p>\u201e Wielbi\u0119 Ciebie w ka\u017cdym momencie \u017cywy Chlebie nasz w tym sakramencie \u201e<br \/>\nNiech s\u0142owa tej pie\u015bni spe\u0142ni\u0105 si\u0119 w ka\u017cdej rodzinie i w ka\u017cdym sercu Parafianki i Parafianina!<\/p>\n<p>PORZ\u0104DEK ADORACJI<br \/>\nEucharystyczne Nabo\u017ce\u0144stwo 40 \u2013 godzinne<\/p>\n<p>SOBOTA<br \/>\ngodz.   7.30 &#8211; 14.00 &#8211; rodziny z dzielnic: Hrabe\u0144, Zak\u0105cie<br \/>\ngodz. 14.00 &#8211; 20.00 &#8211; rodziny z dzielnic: Frysztak, Cieplaki, Zapowied\u017a<\/p>\n<p>NIEDZIELA<br \/>\ngodz.  7.30 &#8211; 11.00 &#8211; rodziny z dzielnic: Sucha Wie\u015b, POM, Pekum<br \/>\ngodz. 11.00 &#8211; 16.00 &#8211; rodziny z dzielnic: Ogrody, G\u00f3ry, Podg\u00f3ry, Mymo\u0144<\/p>\n<p>PONIEDZIA\u0141EK<br \/>\ngodz.   7.30 &#8211; 14.00 &#8211; rodziny z dzielnic: Wola, Porzecze<br \/>\ngodz. 14.00 &#8211; 18.00 &#8211; rodziny z dzielnic: Wie\u015b, dzielnica od tor\u00f3w w stron\u0119 Por\u0119b i Por\u0119by<\/p>\n<p>Drodzy Parafianie !<br \/>\nNiech ten \u015bwi\u0119ty czas, kiedy wielbimy Pana Jezusa w Naj\u015bwi\u0119tszym Sakramencie i rozwa\u017camy Dar jaki zostawi\u0142 nam Pan B\u00f3g,  b\u0119dzie dla ka\u017cdej rodziny naszej Parafii okazj\u0105 do modlitwy i \u015bwiadectwa naszej mi\u0142o\u015bci do JEZUSA EUCHARYSTYCZNEGO przez liczny udzia\u0142 w nabo\u017ce\u0144stwach i adoracji.<br \/>\nSzcz\u0119\u015b\u0107 Bo\u017ce !<\/p>\n<p>Program nabo\u017ce\u0144stwa i adoracji jest na stronie internetowej naszej Parafii i wywieszony jest na tablicy og\u0142osze\u0144,  prosimy si\u0119 z nim zapozna\u0107.<\/p>\n<p>7. W najbli\u017csz\u0105 sobot\u0119 w katedrze przemyskiej  \u015bwi\u0119cenia kap\u0142a\u0144skie. Polecamy modlitwie ksi\u0119\u017cy neoprezbiter\u00f3w.<\/p>\n<p>8. KSM jak co roku organizuje wyjazd na KONCERT UWIELBIENIOWY: \u201eJEDNEGO SERCA JEDNEGO DUCHA\u201d w Bo\u017ce Cia\u0142o. Zapisy u ksi\u0119dza Paw\u0142a.<\/p>\n<p>9. Dzi\u0119kujemy muzykom  za to,  \u017ce tak jak w ubieg\u0142e lata we wszystkie niedziele miesi\u0105ca maja na p\u00f3\u0142 godziny przed nabo\u017ce\u0144stwem majowym zagrali koncert pie\u015bni maryjnych z balkonu nowego ko\u015bcio\u0142a. B\u00f3g zap\u0142a\u0107!<\/p>\n","protected":false},"excerpt":{"rendered":"<p>Wniebowst\u0105pienie Pa\u0144skie 1.06.2025 r. 1. Dzisiaj uroczysto\u015b\u0107 Wniebowst\u0105pienia Pa\u0144skiego. Niedziela adoracyjna, od godz.12.00 do 16.00 prywatna adoracja rodzin naszej Parafii. O godz. 16.00 litania do NSPJ i zmiana tajemnic, adoruje r\u00f3\u017ca \u015bw. Jadwigi Kr\u00f3lowej prze\u0142o\u017cona Ewa \u0106wi\u0105ka\u0142a. 2. Taca z dzisiejszej niedzieli przeznaczona jest na WSD w Przemy\u015blu. 3.W ostatni<span class=\"more-link\"><a href=\"https:\/\/parafiabesko.pl\/?p=11108\">Czytaj wi\u0119cej<\/a><\/span><\/p>\n","protected":false},"author":1,"featured_media":0,"comment_status":"closed","ping_status":"open","sticky":false,"template":"","format":"standard","meta":{"footnotes":""},"categories":[7],"tags":[],"class_list":["entry","author-adminparafiibesko","post-11108","post","type-post","status-publish","format-standard","category-ogloszenia-parafialne"],"_links":{"self":[{"href":"https:\/\/parafiabesko.pl\/index.php?rest_route=\/wp\/v2\/posts\/11108","targetHints":{"allow":["GET"]}}],"collection":[{"href":"https:\/\/parafiabesko.pl\/index.php?rest_route=\/wp\/v2\/posts"}],"about":[{"href":"https:\/\/parafiabesko.pl\/index.php?rest_route=\/wp\/v2\/types\/post"}],"author":[{"embeddable":true,"href":"https:\/\/parafiabesko.pl\/index.php?rest_route=\/wp\/v2\/users\/1"}],"replies":[{"embeddable":true,"href":"https:\/\/parafiabesko.pl\/index.php?rest_route=%2Fwp%2Fv2%2Fcomments&post=11108"}],"version-history":[{"count":0,"href":"https:\/\/parafiabesko.pl\/index.php?rest_route=\/wp\/v2\/posts\/11108\/revisions"}],"wp:attachment":[{"href":"https:\/\/parafiabesko.pl\/index.php?rest_route=%2Fwp%2Fv2%2Fmedia&parent=11108"}],"wp:term":[{"taxonomy":"category","embeddable":true,"href":"https:\/\/parafiabesko.pl\/index.php?rest_route=%2Fwp%2Fv2%2Fcategories&post=11108"},{"taxonomy":"post_tag","embeddable":true,"href":"https:\/\/parafiabesko.pl\/index.php?rest_route=%2Fwp%2Fv2%2Ftags&post=11108"}],"curies":[{"name":"wp","href":"https:\/\/api.w.org\/{rel}","templated":true}]}}