{"id":11106,"date":"2025-05-30T20:05:43","date_gmt":"2025-05-30T20:05:43","guid":{"rendered":"https:\/\/parafiabesko.pl\/?p=11106"},"modified":"2025-05-30T20:05:43","modified_gmt":"2025-05-30T20:05:43","slug":"intencje-mszalne-2-8-06-2025r","status":"publish","type":"post","link":"https:\/\/parafiabesko.pl\/?p=11106","title":{"rendered":"Intencje mszalne 2-8.06.2025r."},"content":{"rendered":"<p>AD 2025<br \/>\n7 Tydzie\u0144 Wielkanicny<br \/>\n2-8.06.2025r.<\/p>\n<p>Poniedzia\u0142ek<br \/>\n2.06.2025r.<br \/>\n\t7.00\t+Irena Kozak of. c\u00f3rka Anna<br \/>\n\t18.00\t1. +\u0141ukasz, Edward, Stanis\u0142aw Chyna\u0142<br \/>\n2. +J\u00f3zef Sza\u0142ankiewicz \/4 r. \u015bm.\/, \/poza Parafi\u0105\/<br \/>\nWtorek<br \/>\n3.06.2025r.<\/p>\n<p>\t7.00\t+Albin Kap\u0142on of. Rodzina Libowicz<br \/>\n\t18.00\t1. -Dzi\u0119kczynna w 25 r. \u015blubu Bernardetty i Tomasza<br \/>\n2. +W\u0142adys\u0142aw, Anna d\u0105browscy of. C\u00f3rka \/poza Parafi\u0105\/<br \/>\n\u015aroda<br \/>\n4.06.2025r.<\/p>\n<p>\t7.00\t+J\u00f3zef Saczewski of. syn Piotr z rodzin\u0105<br \/>\n\t18.00\t1. +Janina B\u0119dkowska of. kole\u017canki c\u00f3rki Marii<br \/>\n2. +Danuta, Jan, Kazimierz \/poza Parafi\u0105\/<br \/>\nCzwartek<br \/>\n5.06.2025r.<\/p>\n<p>\t7.00\t+Albin Kap\u0142on of. Bronis\u0142aw \u017b\u00f3\u0142kiewicz z rodzin\u0105<br \/>\n\t18.00\t1. +Zbigniew Kozak of. c\u00f3rka Renata z m\u0119\u017cem Adamem<br \/>\n2. +Jan, Joanna \/poza Parafi\u0105\/<br \/>\nPi\u0105tek<br \/>\n6.06.2025r.<\/p>\n<p>\t7.00\t+Jadwiga Mermer of. siostra Felicja<br \/>\n\t18.00\t+Jan i zmarli rodzice<br \/>\nSobota<br \/>\n7.06.2025r.<br \/>\nEucharystyczne<br \/>\nNabo\u017ce\u0144stwo<br \/>\n40-godzinne<\/p>\n<p>\t7.00\t+Za dusze w czyjscu cierpi\u0105ce<br \/>\n\t11.00\t+Mariola Chmielewska<br \/>\n\t20.00\t+Kazimiera, W\u0142adys\u0142aw, Kazimierz Wr\u00f3bel of. Tomasz z rodzin\u0105<br \/>\nNiedziela<br \/>\n8.06.2025r.<br \/>\nZes\u0142anie<br \/>\nDucha<br \/>\n\u015bwi\u0119tego<\/p>\n<p>\t7.30\t+Tadeusz, Weronika Kr\u0119pulec<br \/>\n\t9.15\t+Aleksander Nowak \/4 r\/ \u015bm.\/<br \/>\n\t11.00\tZa Parafian<br \/>\n\t16.30\t+Agnieszka Matuszek<\/p>\n","protected":false},"excerpt":{"rendered":"<p>AD 2025 7 Tydzie\u0144 Wielkanicny 2-8.06.2025r. Poniedzia\u0142ek 2.06.2025r. 7.00 +Irena Kozak of. c\u00f3rka Anna 18.00 1. +\u0141ukasz, Edward, Stanis\u0142aw Chyna\u0142 2. +J\u00f3zef Sza\u0142ankiewicz \/4 r. \u015bm.\/, \/poza Parafi\u0105\/ Wtorek 3.06.2025r. 7.00 +Albin Kap\u0142on of. Rodzina Libowicz 18.00 1. -Dzi\u0119kczynna w 25 r. \u015blubu Bernardetty i Tomasza 2. +W\u0142adys\u0142aw, Anna d\u0105browscy<span class=\"more-link\"><a href=\"https:\/\/parafiabesko.pl\/?p=11106\">Czytaj wi\u0119cej<\/a><\/span><\/p>\n","protected":false},"author":1,"featured_media":0,"comment_status":"closed","ping_status":"open","sticky":false,"template":"","format":"standard","meta":{"footnotes":""},"categories":[4],"tags":[],"class_list":["entry","author-adminparafiibesko","post-11106","post","type-post","status-publish","format-standard","category-intencje-mszalne"],"_links":{"self":[{"href":"https:\/\/parafiabesko.pl\/index.php?rest_route=\/wp\/v2\/posts\/11106","targetHints":{"allow":["GET"]}}],"collection":[{"href":"https:\/\/parafiabesko.pl\/index.php?rest_route=\/wp\/v2\/posts"}],"about":[{"href":"https:\/\/parafiabesko.pl\/index.php?rest_route=\/wp\/v2\/types\/post"}],"author":[{"embeddable":true,"href":"https:\/\/parafiabesko.pl\/index.php?rest_route=\/wp\/v2\/users\/1"}],"replies":[{"embeddable":true,"href":"https:\/\/parafiabesko.pl\/index.php?rest_route=%2Fwp%2Fv2%2Fcomments&post=11106"}],"version-history":[{"count":0,"href":"https:\/\/parafiabesko.pl\/index.php?rest_route=\/wp\/v2\/posts\/11106\/revisions"}],"wp:attachment":[{"href":"https:\/\/parafiabesko.pl\/index.php?rest_route=%2Fwp%2Fv2%2Fmedia&parent=11106"}],"wp:term":[{"taxonomy":"category","embeddable":true,"href":"https:\/\/parafiabesko.pl\/index.php?rest_route=%2Fwp%2Fv2%2Fcategories&post=11106"},{"taxonomy":"post_tag","embeddable":true,"href":"https:\/\/parafiabesko.pl\/index.php?rest_route=%2Fwp%2Fv2%2Ftags&post=11106"}],"curies":[{"name":"wp","href":"https:\/\/api.w.org\/{rel}","templated":true}]}}