{"id":11101,"date":"2025-05-24T15:17:18","date_gmt":"2025-05-24T15:17:18","guid":{"rendered":"https:\/\/parafiabesko.pl\/?p=11101"},"modified":"2025-05-24T15:17:18","modified_gmt":"2025-05-24T15:17:18","slug":"ogloszenia-parafialne-6-niedziela-wielkanocy-25-05-2025r","status":"publish","type":"post","link":"https:\/\/parafiabesko.pl\/?p=11101","title":{"rendered":"Og\u0142oszenia parafialne 6 Niedziela Wielkanocy 25.05.2025r."},"content":{"rendered":"<p>6 Niedziela Wielkanocy<br \/>\n25.05.2025.r.<\/p>\n<p>W poniedzia\u0142ek, wtorek i \u015brod\u0119 przypadaj\u0105 Dni Krzy\u017cowe w ko\u015bciele w Besku o godz. 18.00 \u2013 procesja wok\u00f3\u0142 ko\u015bcio\u0142a i modlitwy  b\u0142agalne o urodzaje i b\u0142ogos\u0142awie\u0144stwo Bo\u017ce w pracy. Maj\u00f3wka w czasie nabo\u017ce\u0144stwa.<br \/>\nW poniedzia\u0142ek o godz. 19.30 Msza \u015bw. dla m\u0119\u017cczyzn. Zapraszamy.<br \/>\nWe wtorek po Mszy \u015bw. wieczorowej adoracja z konferencj\u0105 o Eucharystii.<br \/>\nW pi\u0105tek  pocz\u0105tek Nowenny do Ducha \u015bwi\u0119tego.<br \/>\nZa tydzie\u0144 uroczysto\u015b\u0107 Wniebowst\u0105pienia Pa\u0144skiego, w naszej archidiecezji \u015bwi\u0119cenia diakonatu. Otaczamy modlitw\u0105 kandydat\u00f3w do \u015bwi\u0119ce\u0144.<br \/>\nW przysz\u0142\u0105 niedziele Niedziela Adoracyjna. Od godz. 12.oo do 16.00 prywatna adoracja  rodzin naszej Parafii. O godz. 16.00 litania do NSPJ i zmiana tajemnic, adoruje r\u00f3\u017ca \u015bw. Jadwigi Kr\u00f3lowej prze\u0142o\u017cona Ewa \u0106wi\u0105ka\u0142a.<\/p>\n","protected":false},"excerpt":{"rendered":"<p>6 Niedziela Wielkanocy 25.05.2025.r. W poniedzia\u0142ek, wtorek i \u015brod\u0119 przypadaj\u0105 Dni Krzy\u017cowe w ko\u015bciele w Besku o godz. 18.00 \u2013 procesja wok\u00f3\u0142 ko\u015bcio\u0142a i modlitwy b\u0142agalne o urodzaje i b\u0142ogos\u0142awie\u0144stwo Bo\u017ce w pracy. Maj\u00f3wka w czasie nabo\u017ce\u0144stwa. W poniedzia\u0142ek o godz. 19.30 Msza \u015bw. dla m\u0119\u017cczyzn. Zapraszamy. We wtorek po<span class=\"more-link\"><a href=\"https:\/\/parafiabesko.pl\/?p=11101\">Czytaj wi\u0119cej<\/a><\/span><\/p>\n","protected":false},"author":1,"featured_media":0,"comment_status":"closed","ping_status":"open","sticky":false,"template":"","format":"standard","meta":{"footnotes":""},"categories":[7],"tags":[],"class_list":["entry","author-adminparafiibesko","post-11101","post","type-post","status-publish","format-standard","category-ogloszenia-parafialne"],"_links":{"self":[{"href":"https:\/\/parafiabesko.pl\/index.php?rest_route=\/wp\/v2\/posts\/11101","targetHints":{"allow":["GET"]}}],"collection":[{"href":"https:\/\/parafiabesko.pl\/index.php?rest_route=\/wp\/v2\/posts"}],"about":[{"href":"https:\/\/parafiabesko.pl\/index.php?rest_route=\/wp\/v2\/types\/post"}],"author":[{"embeddable":true,"href":"https:\/\/parafiabesko.pl\/index.php?rest_route=\/wp\/v2\/users\/1"}],"replies":[{"embeddable":true,"href":"https:\/\/parafiabesko.pl\/index.php?rest_route=%2Fwp%2Fv2%2Fcomments&post=11101"}],"version-history":[{"count":0,"href":"https:\/\/parafiabesko.pl\/index.php?rest_route=\/wp\/v2\/posts\/11101\/revisions"}],"wp:attachment":[{"href":"https:\/\/parafiabesko.pl\/index.php?rest_route=%2Fwp%2Fv2%2Fmedia&parent=11101"}],"wp:term":[{"taxonomy":"category","embeddable":true,"href":"https:\/\/parafiabesko.pl\/index.php?rest_route=%2Fwp%2Fv2%2Fcategories&post=11101"},{"taxonomy":"post_tag","embeddable":true,"href":"https:\/\/parafiabesko.pl\/index.php?rest_route=%2Fwp%2Fv2%2Ftags&post=11101"}],"curies":[{"name":"wp","href":"https:\/\/api.w.org\/{rel}","templated":true}]}}