{"id":11099,"date":"2025-05-24T15:11:32","date_gmt":"2025-05-24T15:11:32","guid":{"rendered":"https:\/\/parafiabesko.pl\/?p=11099"},"modified":"2025-05-24T15:11:32","modified_gmt":"2025-05-24T15:11:32","slug":"intencje-mszalne-26-05-1-06-2025r","status":"publish","type":"post","link":"https:\/\/parafiabesko.pl\/?p=11099","title":{"rendered":"Intencje mszalne 26.05.-1.06.2025r."},"content":{"rendered":"<p>AD 2025<br \/>\n6 Tydzie\u0144 Wielkanocy<br \/>\n26.05.-1.06.2025r.<\/p>\n<p>Poniedzia\u0142ek<br \/>\n26.05.2025r.<br \/>\n\t7.00\t+Eugenia, Alojzy, Julia, Piotr Mroczkowscy<br \/>\n\t18.00\t1. +Maria Ziemia\u0144ska, Anna Saj<br \/>\n2. +J\u00f3zef\u0119 Sza\u0142ankewicz  i zm. z rodziny of syn J\u00f3zef z rodzin\u0105 \/poza Parafi\u0105\/<br \/>\nWtorek<br \/>\n27.05.2025r.<\/p>\n<p>\t7.00\t+Jadwig\u0119  Mermer of. brat Andrzej z \u017con\u0105<br \/>\n\t18.00\t1.-Dzi\u0119kczynna za braci z r\u00f3\u017cy \u015bw. Andrzeja Boboli<br \/>\n2. +El\u017cbieta Ciep\u0142y of rodz. Kasprzyc\u00f3w \/poza Parafi\u0105\/<br \/>\n\u015aroda<br \/>\n28.05.2025r.<\/p>\n<p>\t7.00\t+Albin Kap\u0142on of. syn Krzysztof z rodzin\u0105<br \/>\n\t18.00\t1-Dzi\u0119kczynno-b\u0142agalna w int. Miko\u0142aja w 18 urodziny<br \/>\n2. +Antoni, Rudolf, Rozalia, Piotr \/poza Parafi\u0105\/<br \/>\nCzwartek<br \/>\n29.05.2025r.<\/p>\n<p>\t7.00\t+Kazimierz B\u0142o\u0144ski of.  \u017cona<br \/>\n\t18.00\t1. +Aniela, Franciszek, Jan Kwiatkowscy<br \/>\n2. +Agnieszka Matuszek \/poza Parafi\u0105\/<br \/>\nPi\u0105tek<br \/>\n30.05.2025r.<\/p>\n<p>\t7.00\t+Albin Kap\u0142on of. syn Tadeusz z rodzin\u0105<br \/>\n\t18.00\t1. +Andrzej, Jan Magdalena Strachoccy<br \/>\n2. +Helena Sadowska \/poza Parafi\u0105\/<br \/>\nSobota<br \/>\n31.05.2025r.<br \/>\n\t7.00\t-Dzi\u0119kczynna w 30 r. \u015blubu Joanny i Les\u0142awa z pro\u015bb\u0105 o b\u0142og. Bo\u017ce<br \/>\n\t18.00\t+Jerzy Pojnar \/15 r. \u015bm.\/ i zm. z rodziny<br \/>\nNiedziela<br \/>\n1.06.2025r.<\/p>\n<p>\t7.30\t+Edward \u015aliwka<br \/>\n\t9.15\t+Maciej Zubik<br \/>\n\t11.00\tZa Parafian<br \/>\n\t16.30\t+J\u00f3zef \/1 r. \u015bm.\/, Zofia \/23 r. \u015bm.\/ Kwiatkowscy<\/p>\n","protected":false},"excerpt":{"rendered":"<p>AD 2025 6 Tydzie\u0144 Wielkanocy 26.05.-1.06.2025r. Poniedzia\u0142ek 26.05.2025r. 7.00 +Eugenia, Alojzy, Julia, Piotr Mroczkowscy 18.00 1. +Maria Ziemia\u0144ska, Anna Saj 2. +J\u00f3zef\u0119 Sza\u0142ankewicz i zm. z rodziny of syn J\u00f3zef z rodzin\u0105 \/poza Parafi\u0105\/ Wtorek 27.05.2025r. 7.00 +Jadwig\u0119 Mermer of. brat Andrzej z \u017con\u0105 18.00 1.-Dzi\u0119kczynna za braci z r\u00f3\u017cy<span class=\"more-link\"><a href=\"https:\/\/parafiabesko.pl\/?p=11099\">Czytaj wi\u0119cej<\/a><\/span><\/p>\n","protected":false},"author":1,"featured_media":0,"comment_status":"closed","ping_status":"open","sticky":false,"template":"","format":"standard","meta":{"footnotes":""},"categories":[4],"tags":[],"class_list":["entry","author-adminparafiibesko","post-11099","post","type-post","status-publish","format-standard","category-intencje-mszalne"],"_links":{"self":[{"href":"https:\/\/parafiabesko.pl\/index.php?rest_route=\/wp\/v2\/posts\/11099","targetHints":{"allow":["GET"]}}],"collection":[{"href":"https:\/\/parafiabesko.pl\/index.php?rest_route=\/wp\/v2\/posts"}],"about":[{"href":"https:\/\/parafiabesko.pl\/index.php?rest_route=\/wp\/v2\/types\/post"}],"author":[{"embeddable":true,"href":"https:\/\/parafiabesko.pl\/index.php?rest_route=\/wp\/v2\/users\/1"}],"replies":[{"embeddable":true,"href":"https:\/\/parafiabesko.pl\/index.php?rest_route=%2Fwp%2Fv2%2Fcomments&post=11099"}],"version-history":[{"count":0,"href":"https:\/\/parafiabesko.pl\/index.php?rest_route=\/wp\/v2\/posts\/11099\/revisions"}],"wp:attachment":[{"href":"https:\/\/parafiabesko.pl\/index.php?rest_route=%2Fwp%2Fv2%2Fmedia&parent=11099"}],"wp:term":[{"taxonomy":"category","embeddable":true,"href":"https:\/\/parafiabesko.pl\/index.php?rest_route=%2Fwp%2Fv2%2Fcategories&post=11099"},{"taxonomy":"post_tag","embeddable":true,"href":"https:\/\/parafiabesko.pl\/index.php?rest_route=%2Fwp%2Fv2%2Ftags&post=11099"}],"curies":[{"name":"wp","href":"https:\/\/api.w.org\/{rel}","templated":true}]}}