{"id":11091,"date":"2025-05-17T14:36:49","date_gmt":"2025-05-17T14:36:49","guid":{"rendered":"https:\/\/parafiabesko.pl\/?p=11091"},"modified":"2025-05-17T14:36:49","modified_gmt":"2025-05-17T14:36:49","slug":"ogloszenia-parafialne-5-niedziela-wielkanocna-18-05-2025r","status":"publish","type":"post","link":"https:\/\/parafiabesko.pl\/?p=11091","title":{"rendered":"Og\u0142oszenia parafialne 5 Niedziela Wielkanocna 18.05.2025r."},"content":{"rendered":"<h3><strong>Dzisiaj 18 maja o godz. 10.00 inauguracja pontyfikatu Ojca \u015awi\u0119tego Leona XIV. Zach\u0119camy Parafian do ogl\u0105dania tego historycznego wydarzenia dla Ko\u015bcio\u0142a i \u015bwiata.<\/strong><\/h3>\n<h3><strong>Dzisiaj na sumie o godz. 11.00 rocznica Pierwszej komunii \u015bw. dla dzieci klasy czwartej.<\/strong><\/h3>\n<h3>Dzi\u015b sk\u0142adka przeznaczona jest na parafie potrzebuj\u0105ce pomocy.<\/h3>\n<h3>Nabo\u017ce\u0144stwa majowe w Besku o godz.18.00 w dni powszednie, a w niedziel\u0119 o godz. 16.00.<\/h3>\n<h3>Parafia przed \u015bwi\u0119tami wielkanocnymi odda\u0142a do wyz\u0142ocenia specjalistycznej firmie z Poznania monstrancj\u0119 z 1898 roku, kustodi\u0119 i melchizedek, cz\u0119\u015b\u0107 koszt\u00f3w renowacji pokryli rodzice dzieci, kt\u00f3re dzisiaj obchodz\u0105 Rocznic\u0119 Pierwszej Komunii \u015bw. i rodzice m\u0142odzie\u017cy, kt\u00f3ra w czwartek przyj\u0119\u0142a sakrament Bierzmowania. B\u00f3g zap\u0142a\u0107!<\/h3>\n","protected":false},"excerpt":{"rendered":"<p>Dzisiaj 18 maja o godz. 10.00 inauguracja pontyfikatu Ojca \u015awi\u0119tego Leona XIV. Zach\u0119camy Parafian do ogl\u0105dania tego historycznego wydarzenia dla Ko\u015bcio\u0142a i \u015bwiata. Dzisiaj na sumie o godz. 11.00 rocznica Pierwszej komunii \u015bw. dla dzieci klasy czwartej. Dzi\u015b sk\u0142adka przeznaczona jest na parafie potrzebuj\u0105ce pomocy. Nabo\u017ce\u0144stwa majowe w Besku o<span class=\"more-link\"><a href=\"https:\/\/parafiabesko.pl\/?p=11091\">Czytaj wi\u0119cej<\/a><\/span><\/p>\n","protected":false},"author":1,"featured_media":0,"comment_status":"closed","ping_status":"open","sticky":false,"template":"","format":"standard","meta":{"footnotes":""},"categories":[7],"tags":[],"class_list":["entry","author-adminparafiibesko","post-11091","post","type-post","status-publish","format-standard","category-ogloszenia-parafialne"],"_links":{"self":[{"href":"https:\/\/parafiabesko.pl\/index.php?rest_route=\/wp\/v2\/posts\/11091","targetHints":{"allow":["GET"]}}],"collection":[{"href":"https:\/\/parafiabesko.pl\/index.php?rest_route=\/wp\/v2\/posts"}],"about":[{"href":"https:\/\/parafiabesko.pl\/index.php?rest_route=\/wp\/v2\/types\/post"}],"author":[{"embeddable":true,"href":"https:\/\/parafiabesko.pl\/index.php?rest_route=\/wp\/v2\/users\/1"}],"replies":[{"embeddable":true,"href":"https:\/\/parafiabesko.pl\/index.php?rest_route=%2Fwp%2Fv2%2Fcomments&post=11091"}],"version-history":[{"count":0,"href":"https:\/\/parafiabesko.pl\/index.php?rest_route=\/wp\/v2\/posts\/11091\/revisions"}],"wp:attachment":[{"href":"https:\/\/parafiabesko.pl\/index.php?rest_route=%2Fwp%2Fv2%2Fmedia&parent=11091"}],"wp:term":[{"taxonomy":"category","embeddable":true,"href":"https:\/\/parafiabesko.pl\/index.php?rest_route=%2Fwp%2Fv2%2Fcategories&post=11091"},{"taxonomy":"post_tag","embeddable":true,"href":"https:\/\/parafiabesko.pl\/index.php?rest_route=%2Fwp%2Fv2%2Ftags&post=11091"}],"curies":[{"name":"wp","href":"https:\/\/api.w.org\/{rel}","templated":true}]}}