{"id":11085,"date":"2025-05-10T17:21:17","date_gmt":"2025-05-10T17:21:17","guid":{"rendered":"https:\/\/parafiabesko.pl\/?p=11085"},"modified":"2025-05-10T17:21:17","modified_gmt":"2025-05-10T17:21:17","slug":"ogloszenia-parafialne-4-niedziela-wielkanocna-11-05-2025r","status":"publish","type":"post","link":"https:\/\/parafiabesko.pl\/?p=11085","title":{"rendered":"Og\u0142oszenia parafialne 4 Niedziela Wielkanocna 11.05.2025r."},"content":{"rendered":"<p>4 Niedziela Wielkanocy<\/p>\n<p>11.05.2025 r.<\/p>\n<p>Dzisiaj niedziela Dobrego Pasterza, kt\u00f3ra rozpoczyna Tydzie\u0144 modlitw o powo\u0142ania kap\u0142a\u0144skie i zakonne.<\/p>\n<p>Dzisiaj o godz. 12.00 Uroczysto\u015b\u0107 Pierwszej  Komunii \u015bw. Dzieci nast\u0119pnie obchodz\u0105 sobie Bia\u0142y Tydzie\u0144. Parafia przed \u015bwi\u0119tami odda\u0142a do wyz\u0142ocenia specjalistycznej firmie z Poznania monstrancj\u0119 z 1898 roku, kustodi\u0119 i melchizedek, cz\u0119\u015b\u0107 koszt\u00f3w renowacji pokryli rodzice dzieci pierwszokomunijnych. B\u00f3g zap\u0142a\u0107!<\/p>\n<p>Nabo\u017ce\u0144stwa majowe. Zach\u0119camy dzieci, m\u0142odzie\u017c i starszych do udzia\u0142u w modlitwie do Matki Bo\u017cej w tym pi\u0119knym miesi\u0105cu. Dla dzieci uczestnicz\u0105cych w nabo\u017ce\u0144stwach majowych tradycyjnie zosta\u0142y przygotowane przez Parafi\u0119 plansze z wyklejankami z tytu\u0142ami Matki Bo\u017cej. Nabo\u017ce\u0144stwa majowe w Besku o godz. 18.00 w dni powszednie,   a w niedziel\u0119 o godz. 16.00. W ko\u015bcio\u0142ach filialnych nabo\u017ce\u0144stwo majowe prowadz\u0105 r\u00f3\u017ce r\u00f3\u017ca\u0144cowe w dni powszednie o godz. 18.00, a niedziel\u0119 po Mszy \u015bwi\u0119tej.<\/p>\n<p>W \u015brod\u0119 o godz. 17.00 spowied\u017a m\u0142odzie\u017cy i przed Bierzmowaniem.<\/p>\n<p>W czwartek m\u0142odzie\u017c klasy \u00f3smej z naszej Parafii o godz. 18.00 na Bobol\u00f3wce w Strachocinie przyjmie sakrament Bierzmowania. Dojazd indywidualnie.<\/p>\n<p>W pi\u0105tek \u015bwi\u0119to \u015bw. Andrzeja Boboli, patrona Polski.<\/p>\n<p>W pi\u0105tek o godz. 17.00 spowied\u017a dzieci przed Pierwsz\u0105 Rocznic\u0105 Komunii \u015bwi\u0119tej.<\/p>\n<p>W przysz\u0142a niedziel\u0119 na sumie rocznica Pierwszej Komunii \u015bw. dla dzieci klasy czwartej.<\/p>\n<p>Dzi\u0119kujemy za sprz\u0105tanie ko\u015bcio\u0142a i terenu wok\u00f3\u0142 ko\u015bcio\u0142a rodzicom, kt\u00f3rych dzieci dzisiaj przyjmuj\u0105 Pierwsz\u0105 Komuni\u0119 \u015bw., a na najbli\u017csz\u0105  sobot\u0119 prosimy rodzic\u00f3w dzieci kt\u00f3re w najbli\u017csz\u0105 niedziel\u0119 b\u0119d\u0105 obchodzi\u0107 rocznic\u0119 Pierwszej Komunii \u015bw.<\/p>\n","protected":false},"excerpt":{"rendered":"<p>4 Niedziela Wielkanocy 11.05.2025 r. Dzisiaj niedziela Dobrego Pasterza, kt\u00f3ra rozpoczyna Tydzie\u0144 modlitw o powo\u0142ania kap\u0142a\u0144skie i zakonne. Dzisiaj o godz. 12.00 Uroczysto\u015b\u0107 Pierwszej Komunii \u015bw. Dzieci nast\u0119pnie obchodz\u0105 sobie Bia\u0142y Tydzie\u0144. Parafia przed \u015bwi\u0119tami odda\u0142a do wyz\u0142ocenia specjalistycznej firmie z Poznania monstrancj\u0119 z 1898 roku, kustodi\u0119 i melchizedek, cz\u0119\u015b\u0107<span class=\"more-link\"><a href=\"https:\/\/parafiabesko.pl\/?p=11085\">Czytaj wi\u0119cej<\/a><\/span><\/p>\n","protected":false},"author":1,"featured_media":0,"comment_status":"closed","ping_status":"open","sticky":false,"template":"","format":"standard","meta":{"footnotes":""},"categories":[7],"tags":[],"class_list":["entry","author-adminparafiibesko","post-11085","post","type-post","status-publish","format-standard","category-ogloszenia-parafialne"],"_links":{"self":[{"href":"https:\/\/parafiabesko.pl\/index.php?rest_route=\/wp\/v2\/posts\/11085","targetHints":{"allow":["GET"]}}],"collection":[{"href":"https:\/\/parafiabesko.pl\/index.php?rest_route=\/wp\/v2\/posts"}],"about":[{"href":"https:\/\/parafiabesko.pl\/index.php?rest_route=\/wp\/v2\/types\/post"}],"author":[{"embeddable":true,"href":"https:\/\/parafiabesko.pl\/index.php?rest_route=\/wp\/v2\/users\/1"}],"replies":[{"embeddable":true,"href":"https:\/\/parafiabesko.pl\/index.php?rest_route=%2Fwp%2Fv2%2Fcomments&post=11085"}],"version-history":[{"count":0,"href":"https:\/\/parafiabesko.pl\/index.php?rest_route=\/wp\/v2\/posts\/11085\/revisions"}],"wp:attachment":[{"href":"https:\/\/parafiabesko.pl\/index.php?rest_route=%2Fwp%2Fv2%2Fmedia&parent=11085"}],"wp:term":[{"taxonomy":"category","embeddable":true,"href":"https:\/\/parafiabesko.pl\/index.php?rest_route=%2Fwp%2Fv2%2Fcategories&post=11085"},{"taxonomy":"post_tag","embeddable":true,"href":"https:\/\/parafiabesko.pl\/index.php?rest_route=%2Fwp%2Fv2%2Ftags&post=11085"}],"curies":[{"name":"wp","href":"https:\/\/api.w.org\/{rel}","templated":true}]}}