{"id":11083,"date":"2025-05-10T17:16:54","date_gmt":"2025-05-10T17:16:54","guid":{"rendered":"https:\/\/parafiabesko.pl\/?p=11083"},"modified":"2025-05-10T17:16:54","modified_gmt":"2025-05-10T17:16:54","slug":"intencje-mszalne-12-18-05-2025r","status":"publish","type":"post","link":"https:\/\/parafiabesko.pl\/?p=11083","title":{"rendered":"Intencje mszalne 12-18.05.2025r."},"content":{"rendered":"<p>AD 2025<br \/>\n4 Tydzie\u0144 Wielkanocny<br \/>\n12-18.05.2025r.<\/p>\n<p>Poniedzia\u0142ek<br \/>\n12.05.2025r.<br \/>\n\t7.00\t+Zbigniew Kielar of. chrze\u015bniak Pawe\u0142<br \/>\n\t18.00\t1. +Stanis\u0142aw\u0119 Bobak<br \/>\n2. +Jan Kornasiewicz \/30 r. \u015bm.\/, poza Parafi\u0105\/<br \/>\nWtorek<br \/>\n13.05.2025r.<\/p>\n<p>\t7.00\t+J\u00f3zef\u0119 Zubik of. Barbara, Krzysztof Stapia\u0144scy<br \/>\n\t18.00\t1. +Albin\u0119, Eugeniusz Nycz<br \/>\n2. +Zofia Pitrus \/4 r. \u015bm.\/, \/poza Parafi\u0105\/<br \/>\n\u015aroda<br \/>\n14.05.2025r.<\/p>\n<p>\t7.00\t+J\u00f3zef  Kwiatkowski of. Anna Nycz<br \/>\n\t18.00\t1. +Stanis\u0142aw, Antonina, Robert Mikosz<br \/>\n2. +Stanis\u0142aw Dobosz of. Anna Sza\u0142ankiewicz \/poza Parafi\u0105\/<br \/>\nCzwartek<br \/>\n15.05.2025r.<\/p>\n<p>\t7.00\t+Zofia, J\u00f3zef, Stanis\u0142aw Szybka i Kazimiera Skubel<br \/>\n\t18.00\t1. +Edward Ja\u015blar of. c\u00f3rka Ewa z rodzin\u0105<br \/>\n2. +Kazimierz Wr\u00f3bel \/4 r. \u015bm.\/ i zm. rodzice, \/poza Parafi\u0105\/<br \/>\nPi\u0105tek<br \/>\n16.05.2025r.<\/p>\n<p>\t7.00\t+Lucyna Kapis of pracownicy O\u015brodka Zdrowia w Besku<br \/>\n\t18.00\t1. +Kazimierz Ma\u015blanka \/2 r. \u015bm.\/<br \/>\n2. \u2013W 1 urodziny Alicji z pro\u015bb\u0105 o opiek\u0119 Bo\u017c\u0105 of. dziadkowie  \/poza Parafi\u0105\/<br \/>\nSobota<br \/>\n17.05.2025r.<\/p>\n<p>\t7.00\t+Zbigniew Kozak of. c\u00f3rka Bo\u017cena<br \/>\n\t18.00\t1. +Stanis\u0142aw \/2 r. \u015bm.\/, Czes\u0142awa \/13 r. \u015bm.\/ Czapli\u0144scy,<br \/>\n2. +Urszula, J\u00f3zef Fedio i zm. z rodziny \/poza Parafi\u0105\/<br \/>\nNiedziela<br \/>\n18.05.2025r.<\/p>\n<p>\t7.30\t+Zofia Trojanowska i zm. z rodziny Modliszewskich<br \/>\n\t9.15\t+Stanis\u0142aw Pola\u0144ski i zm. z rodziny<br \/>\n\t11.00\tRocznica Pierwszej Komunii \u015bwi\u0119tej<br \/>\n\t16.30\t+Zofia Brodzicka  \/10 r. \u015bm.\/<\/p>\n","protected":false},"excerpt":{"rendered":"<p>AD 2025 4 Tydzie\u0144 Wielkanocny 12-18.05.2025r. Poniedzia\u0142ek 12.05.2025r. 7.00 +Zbigniew Kielar of. chrze\u015bniak Pawe\u0142 18.00 1. +Stanis\u0142aw\u0119 Bobak 2. +Jan Kornasiewicz \/30 r. \u015bm.\/, poza Parafi\u0105\/ Wtorek 13.05.2025r. 7.00 +J\u00f3zef\u0119 Zubik of. Barbara, Krzysztof Stapia\u0144scy 18.00 1. +Albin\u0119, Eugeniusz Nycz 2. +Zofia Pitrus \/4 r. \u015bm.\/, \/poza Parafi\u0105\/ \u015aroda 14.05.2025r.<span class=\"more-link\"><a href=\"https:\/\/parafiabesko.pl\/?p=11083\">Czytaj wi\u0119cej<\/a><\/span><\/p>\n","protected":false},"author":1,"featured_media":0,"comment_status":"closed","ping_status":"open","sticky":false,"template":"","format":"standard","meta":{"footnotes":""},"categories":[4],"tags":[],"class_list":["entry","author-adminparafiibesko","post-11083","post","type-post","status-publish","format-standard","category-intencje-mszalne"],"_links":{"self":[{"href":"https:\/\/parafiabesko.pl\/index.php?rest_route=\/wp\/v2\/posts\/11083","targetHints":{"allow":["GET"]}}],"collection":[{"href":"https:\/\/parafiabesko.pl\/index.php?rest_route=\/wp\/v2\/posts"}],"about":[{"href":"https:\/\/parafiabesko.pl\/index.php?rest_route=\/wp\/v2\/types\/post"}],"author":[{"embeddable":true,"href":"https:\/\/parafiabesko.pl\/index.php?rest_route=\/wp\/v2\/users\/1"}],"replies":[{"embeddable":true,"href":"https:\/\/parafiabesko.pl\/index.php?rest_route=%2Fwp%2Fv2%2Fcomments&post=11083"}],"version-history":[{"count":0,"href":"https:\/\/parafiabesko.pl\/index.php?rest_route=\/wp\/v2\/posts\/11083\/revisions"}],"wp:attachment":[{"href":"https:\/\/parafiabesko.pl\/index.php?rest_route=%2Fwp%2Fv2%2Fmedia&parent=11083"}],"wp:term":[{"taxonomy":"category","embeddable":true,"href":"https:\/\/parafiabesko.pl\/index.php?rest_route=%2Fwp%2Fv2%2Fcategories&post=11083"},{"taxonomy":"post_tag","embeddable":true,"href":"https:\/\/parafiabesko.pl\/index.php?rest_route=%2Fwp%2Fv2%2Ftags&post=11083"}],"curies":[{"name":"wp","href":"https:\/\/api.w.org\/{rel}","templated":true}]}}