{"id":11076,"date":"2025-05-03T16:50:08","date_gmt":"2025-05-03T16:50:08","guid":{"rendered":"https:\/\/parafiabesko.pl\/?p=11076"},"modified":"2025-05-03T16:50:08","modified_gmt":"2025-05-03T16:50:08","slug":"ogloszenia-parafialne-3-niedziela-wielkanocna-4-05-2025r","status":"publish","type":"post","link":"https:\/\/parafiabesko.pl\/?p=11076","title":{"rendered":"Og\u0142oszenia parafialne 3 Niedziela Wielkanocna 4.05.2025r."},"content":{"rendered":"<p>3 Niedziela Wielkanocy<br \/>\n4.05.2025 r.<\/p>\n<p>Dzisiaj Niedziela Adoracyjna, od godziny 12.00 do 16.00 prywatna adoracja rodzin Parafii, o godz. 16.00 nabo\u017ce\u0144stwo majowe i zmiana tajemnic r\u00f3\u017ca\u0144cowych adoruje r\u00f3\u017ca Niepokalanego Serca NMP prze\u0142o\u017cona Anna Szul.<\/p>\n<p>Dzisiejsza taca przeznaczona jest na potrzeby archidiecezji.<\/p>\n<p>Dzi\u015b rozpoczyna si\u0119 Tydzie\u0144 Biblijny.<\/p>\n<p>Nabo\u017ce\u0144stwa majowe. Zach\u0119camy dzieci, m\u0142odzie\u017c i starszych do udzia\u0142u w modlitwie do Matki Bo\u017cej w tym pi\u0119knym miesi\u0105cu. Dla dzieci uczestnicz\u0105cych w nabo\u017ce\u0144stwach majowych tradycyjnie zosta\u0142y przygotowane przez Parafi\u0119 plansze z wyklejankami z tytu\u0142ami Matki Bo\u017cej. Nabo\u017ce\u0144stwa majowe w Besku o godz. 18.00 w dni powszednie,   a w niedziel\u0119 o godz. 16.00. W ko\u015bcio\u0142ach filialnych nabo\u017ce\u0144stwo majowe prowadz\u0105 r\u00f3\u017ce r\u00f3\u017ca\u0144cowe w dni powszednie o godz. 18.00, a niedziel\u0119 po Mszy \u015bwi\u0119tej.<\/p>\n<p>W czwartek Uroczysto\u015b\u0107 \u015bw. Stanis\u0142awa biskupa i m\u0119czennika, Patrona Polski. Po Mszy \u015bw. wieczorowej spotkanie Akcji Katolickiej.<\/p>\n<p>W sobot\u0119 o godzinie 9.00 spowied\u017a dzieci, rodzic\u00f3w przed Pierwsz\u0105 Komuni\u0105 \u015bwi\u0119t\u0105.<\/p>\n<p>W przysz\u0142\u0105 niedziel\u0119 o godz. 12.00 Uroczysto\u015b\u0107 Pierwszej Komunii \u015bwi\u0119tej.<\/p>\n<p>Dzi\u0119kujemy za sprz\u0105tanie ko\u015bcio\u0142a i ofiary z\u0142o\u017cone na kwiaty W tym tygodniu ko\u015bci\u00f3\u0142 i otoczenie ko\u015bcio\u0142a sprz\u0105taj\u0105 rodzice dzieci pierwszokomunijnych.<\/p>\n","protected":false},"excerpt":{"rendered":"<p>3 Niedziela Wielkanocy 4.05.2025 r. Dzisiaj Niedziela Adoracyjna, od godziny 12.00 do 16.00 prywatna adoracja rodzin Parafii, o godz. 16.00 nabo\u017ce\u0144stwo majowe i zmiana tajemnic r\u00f3\u017ca\u0144cowych adoruje r\u00f3\u017ca Niepokalanego Serca NMP prze\u0142o\u017cona Anna Szul. Dzisiejsza taca przeznaczona jest na potrzeby archidiecezji. Dzi\u015b rozpoczyna si\u0119 Tydzie\u0144 Biblijny. Nabo\u017ce\u0144stwa majowe. Zach\u0119camy dzieci,<span class=\"more-link\"><a href=\"https:\/\/parafiabesko.pl\/?p=11076\">Czytaj wi\u0119cej<\/a><\/span><\/p>\n","protected":false},"author":1,"featured_media":0,"comment_status":"closed","ping_status":"open","sticky":false,"template":"","format":"standard","meta":{"footnotes":""},"categories":[7],"tags":[],"class_list":["entry","author-adminparafiibesko","post-11076","post","type-post","status-publish","format-standard","category-ogloszenia-parafialne"],"_links":{"self":[{"href":"https:\/\/parafiabesko.pl\/index.php?rest_route=\/wp\/v2\/posts\/11076","targetHints":{"allow":["GET"]}}],"collection":[{"href":"https:\/\/parafiabesko.pl\/index.php?rest_route=\/wp\/v2\/posts"}],"about":[{"href":"https:\/\/parafiabesko.pl\/index.php?rest_route=\/wp\/v2\/types\/post"}],"author":[{"embeddable":true,"href":"https:\/\/parafiabesko.pl\/index.php?rest_route=\/wp\/v2\/users\/1"}],"replies":[{"embeddable":true,"href":"https:\/\/parafiabesko.pl\/index.php?rest_route=%2Fwp%2Fv2%2Fcomments&post=11076"}],"version-history":[{"count":0,"href":"https:\/\/parafiabesko.pl\/index.php?rest_route=\/wp\/v2\/posts\/11076\/revisions"}],"wp:attachment":[{"href":"https:\/\/parafiabesko.pl\/index.php?rest_route=%2Fwp%2Fv2%2Fmedia&parent=11076"}],"wp:term":[{"taxonomy":"category","embeddable":true,"href":"https:\/\/parafiabesko.pl\/index.php?rest_route=%2Fwp%2Fv2%2Fcategories&post=11076"},{"taxonomy":"post_tag","embeddable":true,"href":"https:\/\/parafiabesko.pl\/index.php?rest_route=%2Fwp%2Fv2%2Ftags&post=11076"}],"curies":[{"name":"wp","href":"https:\/\/api.w.org\/{rel}","templated":true}]}}