{"id":11074,"date":"2025-05-03T16:45:35","date_gmt":"2025-05-03T16:45:35","guid":{"rendered":"https:\/\/parafiabesko.pl\/?p=11074"},"modified":"2025-05-03T16:45:35","modified_gmt":"2025-05-03T16:45:35","slug":"intencje-mszalne-4-11-05-2025r","status":"publish","type":"post","link":"https:\/\/parafiabesko.pl\/?p=11074","title":{"rendered":"Intencje mszalne 4-11.05.2025r."},"content":{"rendered":"<table border>\n<tbody>\n<tr>\n<td colspan=\"3\" width=\"755\">3 Tydzie\u0144 Wielkanocny<br \/>\n5-11.05.2025r.<\/td>\n<\/tr>\n<tr>\n<td rowspan=\"2\" width=\"186\">Poniedzia\u0142ek<br \/>\n5.05.2025r.<\/td>\n<td width=\"106\">7.00<\/td>\n<td width=\"463\">+Zdzis\u0142aw Rajter<\/td>\n<\/tr>\n<tr>\n<td width=\"106\">18.00<\/td>\n<td width=\"463\">1. +Irena, Jacek \u015aliwka<br \/>\n2. +Irena Suwa\u0142a i zm. rodzice \/poza Parafi\u0105\/<\/td>\n<\/tr>\n<tr>\n<td rowspan=\"2\" width=\"186\">Wtorek<br \/>\n6.05.2025r.<\/td>\n<td width=\"106\">7.00<\/td>\n<td width=\"463\">+J\u00f3zef\u0119 Zubik of. s\u0105siedzi z ul. Le\u015bnej i Hrabe\u0144skiej<\/td>\n<\/tr>\n<tr>\n<td width=\"106\">18.00<\/td>\n<td width=\"463\">1. +Agnieszk\u0119<br \/>\n2. +Marian \/1 r. \u015bm.\/, Henryk\u0119 \/17 r. \u015bm.\/, \/poza Parafi\u0105\/<\/td>\n<\/tr>\n<tr>\n<td rowspan=\"2\" width=\"186\">\u015aroda<br \/>\n7.05.2025r.<\/td>\n<td width=\"106\">7.00<\/td>\n<td width=\"463\">+J\u00f3zef Kwiatkowski of. s\u0105siedzi z ul. B\u0142onie<\/td>\n<\/tr>\n<tr>\n<td width=\"106\">18.00<\/td>\n<td width=\"463\">1. \u2013Dzi\u0119kczynna za 45 lat kap\u0142a\u0144stwa ksi\u0119dza Witolda Mroczkowskiego prosz\u0105c o potrzebne \u0142aski<br \/>\n2. +\u0141ukasz, Edward, Stanis\u0142aw Chyna\u0142 \/poza Parafi\u0105\/<\/td>\n<\/tr>\n<tr>\n<td rowspan=\"2\" width=\"186\">Czwartek<br \/>\n8.05.2025r.<\/td>\n<td width=\"106\">7.00<\/td>\n<td width=\"463\">+Stanis\u0142aw Rodzinka<\/td>\n<\/tr>\n<tr>\n<td width=\"106\">18.00<\/td>\n<td width=\"463\">1. +Maria, Stanis\u0142aw Szajna<br \/>\n2. +Stanis\u0142aw\u0119, Stanis\u0142aw, Stefani\u0119, Stanis\u0142aw \/poza Parafi\u0105\/<\/td>\n<\/tr>\n<tr>\n<td rowspan=\"2\" width=\"186\">Pi\u0105tek<br \/>\n9.05.2025r.<\/td>\n<td width=\"106\">7.00<\/td>\n<td width=\"463\">+Jakub Kurpiel of. Katarzyna, Pawe\u0142 z rodzin\u0105<\/td>\n<\/tr>\n<tr>\n<td width=\"106\">18.00<\/td>\n<td width=\"463\">1. +Stanis\u0142aw\u0119, Eugeniusz Szybka<br \/>\n2. +Jakub Kurpiel \/10 r. \u015bm.\/, \/poza Parafi\u0105\/<\/td>\n<\/tr>\n<tr>\n<td rowspan=\"2\" width=\"186\">Sobota<br \/>\n10.05.2025r.<\/td>\n<td width=\"106\">7.00<\/td>\n<td width=\"463\">+Za dusze w czy\u015b\u0107cu cierpi\u0105ce<\/td>\n<\/tr>\n<tr>\n<td width=\"106\">18.00<\/td>\n<td width=\"463\">1. -Dzi\u0119kczynna w 35 r. \u015blubu Marii i Artura z pro\u015bb\u0105 o opiek\u0119 Bo\u017c\u0105 dla rodziny of. rodzice<br \/>\n2. +Janina, Stanis\u0142aw Szul i Boles\u0142aw Kijowski \/poza Parafi\u0105\/<\/td>\n<\/tr>\n<tr>\n<td rowspan=\"5\" width=\"186\">Niedziela<br \/>\n11.05.2025r.<\/td>\n<td width=\"106\">7.30<\/td>\n<td width=\"463\">+Zmarli rodzice i dusze w czy\u015b\u0107cu cierpi\u0105ce<\/td>\n<\/tr>\n<tr>\n<td width=\"106\">9.15<\/td>\n<td width=\"463\">-O potrzebne dary Ducha \u015bw. w egzaminach<\/td>\n<\/tr>\n<tr>\n<td width=\"106\">11.00<\/td>\n<td width=\"463\">Za Parafian<\/td>\n<\/tr>\n<tr>\n<td width=\"106\">12.00<\/td>\n<td width=\"463\">Pierwsza Komunia \u015bw.<\/td>\n<\/tr>\n<tr>\n<td width=\"106\">16.30<\/td>\n<td width=\"463\">+Stanis\u0142aw\u0119 \/7 r. \u015bm.\/, Antoni Bobak<\/td>\n<\/tr>\n<\/tbody>\n<\/table>\n","protected":false},"excerpt":{"rendered":"<p>3 Tydzie\u0144 Wielkanocny 5-11.05.2025r. Poniedzia\u0142ek 5.05.2025r. 7.00 +Zdzis\u0142aw Rajter 18.00 1. +Irena, Jacek \u015aliwka 2. +Irena Suwa\u0142a i zm. rodzice \/poza Parafi\u0105\/ Wtorek 6.05.2025r. 7.00 +J\u00f3zef\u0119 Zubik of. s\u0105siedzi z ul. Le\u015bnej i Hrabe\u0144skiej 18.00 1. +Agnieszk\u0119 2. +Marian \/1 r. \u015bm.\/, Henryk\u0119 \/17 r. \u015bm.\/, \/poza Parafi\u0105\/ \u015aroda 7.05.2025r.<span class=\"more-link\"><a href=\"https:\/\/parafiabesko.pl\/?p=11074\">Czytaj wi\u0119cej<\/a><\/span><\/p>\n","protected":false},"author":1,"featured_media":0,"comment_status":"closed","ping_status":"open","sticky":false,"template":"","format":"standard","meta":{"footnotes":""},"categories":[4],"tags":[],"class_list":["entry","author-adminparafiibesko","post-11074","post","type-post","status-publish","format-standard","category-intencje-mszalne"],"_links":{"self":[{"href":"https:\/\/parafiabesko.pl\/index.php?rest_route=\/wp\/v2\/posts\/11074","targetHints":{"allow":["GET"]}}],"collection":[{"href":"https:\/\/parafiabesko.pl\/index.php?rest_route=\/wp\/v2\/posts"}],"about":[{"href":"https:\/\/parafiabesko.pl\/index.php?rest_route=\/wp\/v2\/types\/post"}],"author":[{"embeddable":true,"href":"https:\/\/parafiabesko.pl\/index.php?rest_route=\/wp\/v2\/users\/1"}],"replies":[{"embeddable":true,"href":"https:\/\/parafiabesko.pl\/index.php?rest_route=%2Fwp%2Fv2%2Fcomments&post=11074"}],"version-history":[{"count":0,"href":"https:\/\/parafiabesko.pl\/index.php?rest_route=\/wp\/v2\/posts\/11074\/revisions"}],"wp:attachment":[{"href":"https:\/\/parafiabesko.pl\/index.php?rest_route=%2Fwp%2Fv2%2Fmedia&parent=11074"}],"wp:term":[{"taxonomy":"category","embeddable":true,"href":"https:\/\/parafiabesko.pl\/index.php?rest_route=%2Fwp%2Fv2%2Fcategories&post=11074"},{"taxonomy":"post_tag","embeddable":true,"href":"https:\/\/parafiabesko.pl\/index.php?rest_route=%2Fwp%2Fv2%2Ftags&post=11074"}],"curies":[{"name":"wp","href":"https:\/\/api.w.org\/{rel}","templated":true}]}}