{"id":11069,"date":"2025-04-26T17:17:45","date_gmt":"2025-04-26T17:17:45","guid":{"rendered":"https:\/\/parafiabesko.pl\/?p=11069"},"modified":"2025-04-26T17:17:45","modified_gmt":"2025-04-26T17:17:45","slug":"ogloszenia-parafialne-2-niedziela-wielkanocna-27-04-2025r","status":"publish","type":"post","link":"https:\/\/parafiabesko.pl\/?p=11069","title":{"rendered":"Og\u0142oszenia parafialne 2 Niedziela Wielkanocna 27.04.2025r."},"content":{"rendered":"<h3 style=\"text-align: center;\"><strong>II Niedziela po Wielkanocy<\/strong><\/h3>\n<h3 style=\"text-align: center;\"><\/h3>\n<h3 style=\"text-align: center;\"><strong>27.04.2025 r.<\/strong><\/h3>\n<h3><\/h3>\n<h3>Dzisiaj \u2013 <strong>Niedziela Mi\u0142osierdzia Bo\u017cego<\/strong>. W Besku Msze \u015bwi\u0119te odprawione b\u0119d\u0105: 7.30, 9.15. suma o godz. 11.00 a po po\u0142udniu o godz. 16.15 Koronka do Bo\u017cego Mi\u0142osierdzia i Msza \u015bwi\u0119ta. <strong>Odpust w Mymonu o godz. 11.45 Koronka do Bo\u017cego Mi\u0142osierdzia i Msza \u015bw. odpustowa o 12.00<\/strong>. Msza \u015bw. w Por\u0119bach b\u0119dzie odprawiona o godz. 10.00.<\/h3>\n<h3>Dzisiaj po Mszach \u015bw. zbi\u00f3rka do puszki na potrzeby Caritas.<\/h3>\n<h3>Dzisiaj rozpoczyna si\u0119 Tydzie\u0144 Mi\u0142osierdzia.<\/h3>\n<h3>W poniedzia\u0142ek przeniesiona Uroczysto\u015b\u0107 \u015bw. Wojciecha, biskupa i m\u0119czennika, patrona Polski o godz. 18.00 modlitwa przy relikwiach \u015bw. Jana Paw\u0142a II.<\/h3>\n<h3>We wtorek o godz. 18.00 Nabo\u017ce\u0144stwo do Bo\u017cego Mi\u0142osierdzia.<\/h3>\n<h3>We \u015brod\u0119 o godz. 18.00 Nowenna do Matki Bo\u017cej Nieustaj\u0105cej Pomocy.<\/h3>\n<h3><strong>W czwartek 1 maja pocz\u0105tek nabo\u017ce\u0144stw majowych<\/strong>. Zach\u0119camy dzieci, m\u0142odzie\u017c i starszych do udzia\u0142u w modlitwie do Matki Bo\u017cej w tym pi\u0119knym miesi\u0105cu. Dla dzieci uczestnicz\u0105cych w nabo\u017ce\u0144stwach majowych tradycyjnie zosta\u0142y przygotowane przez Parafi\u0119 plansze z wyklejankami z tytu\u0142ami Matki Bo\u017cej. Nabo\u017ce\u0144stwa majowe w Besku o godz. 18.00 w dni powszednie, a w niedziel\u0119 o godz. 16.00. W ko\u015bcio\u0142ach filialnych nabo\u017ce\u0144stwo majowe prowadz\u0105 r\u00f3\u017ce r\u00f3\u017ca\u0144cowe w dni powszednie o godz. 18.00, a niedziel\u0119 po Mszy \u015bwi\u0119tej.<\/h3>\n<h3><strong>Prosimy Parafian, aby przed majem odnowi\u0107 wszystkie kapliczki i krzy\u017ce na terenie Parafii Besko.<\/strong><\/h3>\n<h3>Pierwszy pi\u0105tek miesi\u0105ca rano o godz. 7.00 Msza \u015bw. i adoracja, adoruje r\u00f3\u017ca \u015bw. Anny prze\u0142o\u017cona Janina Suwa\u0142a, wieczorem o godz.18.00 nabo\u017ce\u0144stwo majowe i Msza \u015bw. W ko\u015bcio\u0142ach filialnych o godz. 16.00 spowied\u017a, nabo\u017ce\u0144stwo majowe i Msza \u015bw. Chorych w Besku nie b\u0119dziemy odwiedza\u0107.<\/h3>\n<h3>W sobot\u0119 &#8211; 3 maja <strong>Uroczysto\u015b\u0107 NMP Kr\u00f3lowej Polski G\u0142\u00f3wnej Patronki Polski i Archidiecezji Przemyskiej.<\/strong> Porz\u0105dek Mszy \u015bwi\u0119tej w Besku: rano o godz. 7.30, suma o godz. 10.00 <strong>i wieczorem o godz. 20.00 pierwszy w tym roku wiecz\u00f3r fatimski. <\/strong>W ko\u015bcio\u0142ach filialnych w Mymoniu Msza \u015bw. o godz. 9.00 i nabo\u017ce\u0144stwo majowe w Por\u0119bach o godz. 10.30 Msza \u015bw. i nabo\u017ce\u0144stwo majowe.<\/h3>\n<h3>W najbli\u017csz\u0105 niedziel\u0119 <strong>Niedziela Adoracyjna,<\/strong> od godziny 12.00 do 16.00 prywatna adoracja rodzin Parafii, o godz. 16.00 nabo\u017ce\u0144stwo majowe i zmiana tajemnic r\u00f3\u017ca\u0144cowych adoruje r\u00f3\u017ca Niepokalanego Serca NMP prze\u0142o\u017cona Anna Szul.<\/h3>\n<h3>Zach\u0119camy muzyk\u00f3w, aby tak jak w ubieg\u0142ym roku w \u015bwi\u0119ta i niedziele miesi\u0105ca maja na p\u00f3\u0142 godziny przed nabo\u017ce\u0144stwem majowym zagrali koncert pie\u015bni maryjnych z balkonu nowego ko\u015bcio\u0142a.<\/h3>\n","protected":false},"excerpt":{"rendered":"<p>II Niedziela po Wielkanocy 27.04.2025 r. Dzisiaj \u2013 Niedziela Mi\u0142osierdzia Bo\u017cego. W Besku Msze \u015bwi\u0119te odprawione b\u0119d\u0105: 7.30, 9.15. suma o godz. 11.00 a po po\u0142udniu o godz. 16.15 Koronka do Bo\u017cego Mi\u0142osierdzia i Msza \u015bwi\u0119ta. Odpust w Mymonu o godz. 11.45 Koronka do Bo\u017cego Mi\u0142osierdzia i Msza \u015bw. odpustowa<span class=\"more-link\"><a href=\"https:\/\/parafiabesko.pl\/?p=11069\">Czytaj wi\u0119cej<\/a><\/span><\/p>\n","protected":false},"author":1,"featured_media":0,"comment_status":"closed","ping_status":"open","sticky":false,"template":"","format":"standard","meta":{"footnotes":""},"categories":[7],"tags":[],"class_list":["entry","author-adminparafiibesko","post-11069","post","type-post","status-publish","format-standard","category-ogloszenia-parafialne"],"_links":{"self":[{"href":"https:\/\/parafiabesko.pl\/index.php?rest_route=\/wp\/v2\/posts\/11069","targetHints":{"allow":["GET"]}}],"collection":[{"href":"https:\/\/parafiabesko.pl\/index.php?rest_route=\/wp\/v2\/posts"}],"about":[{"href":"https:\/\/parafiabesko.pl\/index.php?rest_route=\/wp\/v2\/types\/post"}],"author":[{"embeddable":true,"href":"https:\/\/parafiabesko.pl\/index.php?rest_route=\/wp\/v2\/users\/1"}],"replies":[{"embeddable":true,"href":"https:\/\/parafiabesko.pl\/index.php?rest_route=%2Fwp%2Fv2%2Fcomments&post=11069"}],"version-history":[{"count":0,"href":"https:\/\/parafiabesko.pl\/index.php?rest_route=\/wp\/v2\/posts\/11069\/revisions"}],"wp:attachment":[{"href":"https:\/\/parafiabesko.pl\/index.php?rest_route=%2Fwp%2Fv2%2Fmedia&parent=11069"}],"wp:term":[{"taxonomy":"category","embeddable":true,"href":"https:\/\/parafiabesko.pl\/index.php?rest_route=%2Fwp%2Fv2%2Fcategories&post=11069"},{"taxonomy":"post_tag","embeddable":true,"href":"https:\/\/parafiabesko.pl\/index.php?rest_route=%2Fwp%2Fv2%2Ftags&post=11069"}],"curies":[{"name":"wp","href":"https:\/\/api.w.org\/{rel}","templated":true}]}}