{"id":11067,"date":"2025-04-26T17:12:00","date_gmt":"2025-04-26T17:12:00","guid":{"rendered":"https:\/\/parafiabesko.pl\/?p=11067"},"modified":"2025-04-26T17:12:00","modified_gmt":"2025-04-26T17:12:00","slug":"intencje-mszalne-28-04-4-05-2025r","status":"publish","type":"post","link":"https:\/\/parafiabesko.pl\/?p=11067","title":{"rendered":"Intencje mszalne 28.04.-4.05.2025r."},"content":{"rendered":"<table border>\n<tbody>\n<tr>\n<td colspan=\"3\" width=\"695\">\n<h3 style=\"text-align: center;\"><strong>AD 2025<\/strong><\/h3>\n<h3 style=\"text-align: center;\"><strong>2 Tydzie\u0144 Wielkanocny<\/strong><\/h3>\n<h3 style=\"text-align: center;\"><strong>28.04.-4.05.2025r.<\/strong><\/h3>\n<h3><strong>\u00a0<\/strong><\/h3>\n<h3><\/h3>\n<\/td>\n<\/tr>\n<tr>\n<td rowspan=\"2\" width=\"166\">\n<h3><strong>Poniedzia\u0142ek<\/strong><\/h3>\n<h3><strong>28.04.2025r.<\/strong><\/h3>\n<h3><\/h3>\n<\/td>\n<td width=\"71\">\n<h3><strong>7.00<\/strong><\/h3>\n<\/td>\n<td width=\"457\">\n<h3>+Marek Boco\u0144 of. c\u00f3rki<\/h3>\n<\/td>\n<\/tr>\n<tr>\n<td width=\"71\">\n<h3><strong>18.00<\/strong><\/h3>\n<\/td>\n<td width=\"457\">\n<h3>1+Wojciech, Magdalena, Maciej , Boles\u0142aw, J\u00f3zef\u0119 \u00a0Zubik<\/h3>\n<h3>2.+J\u00f3zef \/17 r. \u015bm.\/ i Maria Szul \/poza Parafi\u0105\/<\/h3>\n<\/td>\n<\/tr>\n<tr>\n<td rowspan=\"2\" width=\"166\">\n<h3><strong>Wtorek<\/strong><\/h3>\n<h3><strong>29.04.2025r.<\/strong><\/h3>\n<h3><strong>\u00a0<\/strong><\/h3>\n<h3><\/h3>\n<\/td>\n<td width=\"71\">\n<h3><strong>7.00<\/strong><\/h3>\n<\/td>\n<td width=\"457\">\n<h3>+J\u00f3zef\u0119 Zubik of. pracownicy Urz\u0119du Gminy w Besku<\/h3>\n<\/td>\n<\/tr>\n<tr>\n<td width=\"71\">\n<h3><strong>18.00<\/strong><\/h3>\n<\/td>\n<td width=\"457\">\n<h3>1. \u2013Dzi\u0119kczynna-b\u0142agalna dla rodziny<\/h3>\n<h3>2. \u2013Dzi\u0119kczynna w 25 r. \u015blubu Anny i Adama z pro\u015bb\u0105 o opiek\u0119 Bo\u017c\u0105 dla rodziny \/poza Parafi\u0105\/<\/h3>\n<\/td>\n<\/tr>\n<tr>\n<td rowspan=\"2\" width=\"166\">\n<h3><strong>\u015aroda<\/strong><\/h3>\n<h3><strong>30.04.2025r.<\/strong><\/h3>\n<h3><strong>\u00a0<\/strong><\/h3>\n<h3><strong>\u00a0<\/strong><\/h3>\n<\/td>\n<td width=\"71\">\n<h3><strong>7.00<\/strong><\/h3>\n<\/td>\n<td width=\"457\">\n<h3>+J\u00f3zef Kwiatkowski of. syn Krzysztof z rodzin\u0105<\/h3>\n<\/td>\n<\/tr>\n<tr>\n<td width=\"71\">\n<h3><strong>18.00<\/strong><\/h3>\n<\/td>\n<td width=\"457\">\n<h3>1. +Kazimiera \/7 r. \u015bm.\/, Jan Szul<\/h3>\n<h3>2. +J\u00f3zef \/11 r. \u015bm.\/, Daniel\u0119 Urban \/poza Paraf\u0105\/<\/h3>\n<\/td>\n<\/tr>\n<tr>\n<td rowspan=\"2\" width=\"166\">\n<h3><strong>Czwartek<\/strong><\/h3>\n<h3><strong>1.05.2025r.<\/strong><\/h3>\n<h3><\/h3>\n<\/td>\n<td width=\"71\">\n<h3><strong>7.00<\/strong><\/h3>\n<\/td>\n<td width=\"457\">\n<h3>+Marek Boco\u0144 of. s\u0105siedzi<\/h3>\n<\/td>\n<\/tr>\n<tr>\n<td width=\"71\">\n<h3><strong>18.00<\/strong><\/h3>\n<\/td>\n<td width=\"457\">\n<h3>1. +Stanis\u0142aw, Janina Mroczkowscy<\/h3>\n<h3>2. +Eugeniusz Szybka \/20 r. \u015bm.\/ \/poza Parafi\u0105\/<\/h3>\n<\/td>\n<\/tr>\n<tr>\n<td rowspan=\"2\" width=\"166\">\n<h3><strong>Pi\u0105tek<\/strong><\/h3>\n<h3><strong>2.05.2025r.<\/strong><\/h3>\n<h3><strong>\u00a0<\/strong><\/h3>\n<h3><\/h3>\n<\/td>\n<td width=\"71\">\n<h3><strong>7.00<\/strong><\/h3>\n<\/td>\n<td width=\"457\">\n<h3>+J\u00f3zef Kwiatkowski of. c\u00f3rka z rodzin\u0105<\/h3>\n<\/td>\n<\/tr>\n<tr>\n<td width=\"71\">\n<h3><strong>18.00<\/strong><\/h3>\n<\/td>\n<td width=\"457\">\n<h3>+Maria, Stanis\u0142aw Bogusz<\/h3>\n<\/td>\n<\/tr>\n<tr>\n<td rowspan=\"3\" width=\"166\">\n<h3><strong>Sobota<\/strong><\/h3>\n<h3><strong>3.05.2025r.<\/strong><\/h3>\n<h3><strong><u>Kr\u00f3lowej <\/u><\/strong><\/h3>\n<h3><strong><u>Polski<\/u><\/strong><\/h3>\n<h3><strong>\u00a0<\/strong><\/h3>\n<h3><\/h3>\n<\/td>\n<td width=\"71\">\n<h3><strong>7.30<\/strong><\/h3>\n<\/td>\n<td width=\"457\">\n<h3>-Dzi\u0119kczynna w 79 r. urodzin Marii z pro\u015bb\u0105 o dalsze \u0142aski Bo\u017ce<\/h3>\n<\/td>\n<\/tr>\n<tr>\n<td width=\"71\">\n<h3><strong>10.00<\/strong><\/h3>\n<\/td>\n<td width=\"457\">\n<h3>-W intencji stra\u017cak\u00f3w<\/h3>\n<\/td>\n<\/tr>\n<tr>\n<td width=\"71\">\n<h3><strong>20.00<\/strong><\/h3>\n<\/td>\n<td width=\"457\">\n<h3>+Wanda Skubel \/40 r. \u015bm.\/ of. m\u0105\u017c J\u00f3zef<\/h3>\n<\/td>\n<\/tr>\n<tr>\n<td rowspan=\"4\" width=\"166\">\n<h3><strong>Niedziela<\/strong><\/h3>\n<h3><strong>4.05.2025r.<\/strong><\/h3>\n<h3><strong>\u00a0<\/strong><\/h3>\n<h3><\/h3>\n<\/td>\n<td width=\"71\">\n<h3><strong>7.30<\/strong><\/h3>\n<\/td>\n<td width=\"457\">\n<h3>+Agnieszka Matuszek<\/h3>\n<\/td>\n<\/tr>\n<tr>\n<td width=\"71\">\n<h3><strong>9.15<\/strong><\/h3>\n<\/td>\n<td width=\"457\">\n<h3>-O dary Ducha \u015bw. i zdanie egzaminu maturalnego<\/h3>\n<\/td>\n<\/tr>\n<tr>\n<td width=\"71\">\n<h3><strong>11.00<\/strong><\/h3>\n<\/td>\n<td width=\"457\">\n<h3><strong>Za Parafian<\/strong><\/h3>\n<\/td>\n<\/tr>\n<tr>\n<td width=\"71\">\n<h3><strong>16.30<\/strong><\/h3>\n<\/td>\n<td width=\"457\">\n<h3>+Stanis\u0142aw\u0119 \/12 r. \u015bm.\/, Zdzis\u0142aw Pelczarscy<\/h3>\n<\/td>\n<\/tr>\n<\/tbody>\n<\/table>\n","protected":false},"excerpt":{"rendered":"<p>AD 2025 2 Tydzie\u0144 Wielkanocny 28.04.-4.05.2025r. \u00a0 Poniedzia\u0142ek 28.04.2025r. 7.00 +Marek Boco\u0144 of. c\u00f3rki 18.00 1+Wojciech, Magdalena, Maciej , Boles\u0142aw, J\u00f3zef\u0119 \u00a0Zubik 2.+J\u00f3zef \/17 r. \u015bm.\/ i Maria Szul \/poza Parafi\u0105\/ Wtorek 29.04.2025r. \u00a0 7.00 +J\u00f3zef\u0119 Zubik of. pracownicy Urz\u0119du Gminy w Besku 18.00 1. \u2013Dzi\u0119kczynna-b\u0142agalna dla rodziny 2. \u2013Dzi\u0119kczynna<span class=\"more-link\"><a href=\"https:\/\/parafiabesko.pl\/?p=11067\">Czytaj wi\u0119cej<\/a><\/span><\/p>\n","protected":false},"author":1,"featured_media":0,"comment_status":"closed","ping_status":"open","sticky":false,"template":"","format":"standard","meta":{"footnotes":""},"categories":[4],"tags":[],"class_list":["entry","author-adminparafiibesko","post-11067","post","type-post","status-publish","format-standard","category-intencje-mszalne"],"_links":{"self":[{"href":"https:\/\/parafiabesko.pl\/index.php?rest_route=\/wp\/v2\/posts\/11067","targetHints":{"allow":["GET"]}}],"collection":[{"href":"https:\/\/parafiabesko.pl\/index.php?rest_route=\/wp\/v2\/posts"}],"about":[{"href":"https:\/\/parafiabesko.pl\/index.php?rest_route=\/wp\/v2\/types\/post"}],"author":[{"embeddable":true,"href":"https:\/\/parafiabesko.pl\/index.php?rest_route=\/wp\/v2\/users\/1"}],"replies":[{"embeddable":true,"href":"https:\/\/parafiabesko.pl\/index.php?rest_route=%2Fwp%2Fv2%2Fcomments&post=11067"}],"version-history":[{"count":0,"href":"https:\/\/parafiabesko.pl\/index.php?rest_route=\/wp\/v2\/posts\/11067\/revisions"}],"wp:attachment":[{"href":"https:\/\/parafiabesko.pl\/index.php?rest_route=%2Fwp%2Fv2%2Fmedia&parent=11067"}],"wp:term":[{"taxonomy":"category","embeddable":true,"href":"https:\/\/parafiabesko.pl\/index.php?rest_route=%2Fwp%2Fv2%2Fcategories&post=11067"},{"taxonomy":"post_tag","embeddable":true,"href":"https:\/\/parafiabesko.pl\/index.php?rest_route=%2Fwp%2Fv2%2Ftags&post=11067"}],"curies":[{"name":"wp","href":"https:\/\/api.w.org\/{rel}","templated":true}]}}