{"id":11060,"date":"2025-04-19T07:09:15","date_gmt":"2025-04-19T07:09:15","guid":{"rendered":"https:\/\/parafiabesko.pl\/?p=11060"},"modified":"2025-04-19T07:09:15","modified_gmt":"2025-04-19T07:09:15","slug":"ogloszenia-parafialne-uroczystosc-zmartwychwstania-panskiego-20-04-2025r","status":"publish","type":"post","link":"https:\/\/parafiabesko.pl\/?p=11060","title":{"rendered":"Og\u0142oszenia parafialne Uroczysto\u015b\u0107 Zmartwychwstania Pa\u0144skiego 20.04.2025r."},"content":{"rendered":"<h3 style=\"text-align: center;\"><strong>Uroczysto\u015b\u0107 Zmartwychwstania Pa\u0144skiego<\/strong><\/h3>\n<h3 style=\"text-align: center;\"><strong>20.04.2025r.<\/strong><\/h3>\n<h3><\/h3>\n<h3>WIELKANOC &#8211; <strong>Rezurekcja <\/strong>o godz. 6.00. Pozosta\u0142e Msze \u015bw. w Besku: 9.15, 11.00, 16.00 bez Nieszpor\u00f3w. Msza \u015bw. z procesj\u0105 eucharystyczn\u0105 w Mymoniu o godz. 9.00, a w Por\u0119bach o godz. 10.30.<\/h3>\n<h3><strong>\u00a0<\/strong>Od Wielkiego Pi\u0105tku rozpocz\u0119\u0142a si\u0119 Nowenna przed uroczysto\u015bci\u0105 Bo\u017cego Mi\u0142osierdzia, odprawiana jest codziennie przed Msz\u0105 \u015bw. o godz. 18.00.<\/h3>\n<h3>Dzisiaj rozpoczynamy <strong>oktaw\u0119 Wielkanocy \u2013 Bia\u0142y Tydzie\u0144<\/strong>, kt\u00f3ry przed\u0142u\u017ca \u015bwi\u0119towanie Zmartwychwstania Pana Jezusa, dlatego w najbli\u017cszy pi\u0105tek nie obowi\u0105zuje wstrzemi\u0119\u017aliwo\u015b\u0107 od pokarm\u00f3w mi\u0119snych.<\/h3>\n<h3>Jutro <strong>Poniedzia\u0142ek Wielkanocny.<\/strong> Porz\u0105dek Mszy \u015bwi\u0119tej w Besku: 7.30, 9.15, 11.00 i 16.00 bez Nieszpor\u00f3w. W ko\u015bcio\u0142ach filialnych w Mymoniu godz. 8.30, w Por\u0119bach godz.10.00.<\/h3>\n<h3>Sk\u0142adamy serdeczne podzi\u0119kowania za przygotowanie \u015bwi\u0105tyni i liturgii na Triduum paschalne i na \u015bwi\u0119ta: ksi\u0119dzu Paw\u0142owi, diakonowi Krzysztofowi, oraz dzieciom, rodzicom i nauczycielom za przygotowanie pi\u0119knej procesji w Niedziel\u0119 Palmow\u0105, pracownikom i woluntariuszom Gminnego O\u015brodka Kultury w Besku za Misterium M\u0119ki Pa\u0144skiej we wiecz\u00f3r Niedzieli Palmowej, a za przygotowanie ciemnicy i Grobu Pa\u0144skiego &#8211; panu ko\u015bcielnemu Andrzejowi Romanowi, w pracy tej pomagali: J\u00f3zef Winiarski, Marlena i Aneta Sza\u0142ankiewicz, Gminny O\u015brodek Kultury w Besku, Kamil Semenowicz. Ponadto dzi\u0119kujemy: panu organi\u015bcie, siostrom zakonnym, ministrantom, lektorom, zespo\u0142om \u015bpiewaj\u0105cym w Wielki Czwartek, Wielki Pi\u0105tek, Wielk\u0105 Sobot\u0119 i w Rezurekcj\u0119, m\u0142odzie\u017cowej i dojrza\u0142ej scholi,\u00a0 <strong>ch\u00f3rowi Miriam<\/strong> oraz KSM. Dzi\u0119kujemy naszym stra\u017cakom za pomoc w organizacji Nabo\u017ce\u0144stwa Parafialnej Drogi Krzy\u017cowej na G\u00f3r\u0119 krzy\u017ca i wzorow\u0105 adoracj\u0119 przy Grobie Pa\u0144skim, dzi\u0119kujemy Policji za kierowanie ruchem w czasie Nabo\u017ce\u0144stwa Parafialnej Drogi Krzy\u017cowej na G\u00f3r\u0119 krzy\u017ca, dzi\u0119kujemy parafiankom sprz\u0105taj\u0105cym w te dni nasz\u0105 \u015bwi\u0105tyni\u0119, orkiestrze OSP w Besku za u\u015bwietnienie Rezurekcji, r\u00f3\u017com r\u00f3\u017ca\u0144cowym, dzieciom, Dziewcz\u0119cej S\u0142u\u017cbie Maryi, m\u0142odzie\u017cy za udzia\u0142 w adoracji, oraz wszystkim kt\u00f3rzy w jakikolwiek spos\u00f3b swoim talentem i prac\u0105 przyczynili si\u0119 do godnego prze\u017cycia tych \u015bwi\u0119tych dni. B\u00f3g zap\u0142a\u0107!<\/h3>\n<h3>\u00a0Dzi\u0119kujemy r\u00f3\u017com r\u00f3\u017ca\u0144cowym za ofiary na \u015bwiat\u0142o:<\/h3>\n<h3>&#8211; r\u00f3\u017ca MB Mi\u0142osierdzia prze\u0142o\u017cona Teresa Marchel<\/h3>\n<h3>&#8211; r\u00f3\u017ca Matki Ko\u015bcio\u0142a prze\u0142o\u017cona Krystyna Szajna<\/h3>\n<h3>&#8211; r\u00f3\u017ca Matki Teresy z Kalkuty prze\u0142o\u017cona Kazimiera Kasperkowicz<\/h3>\n<h3>Parafia przed \u015bwi\u0119tami odda\u0142a do wyz\u0142ocenia specjalistycznej firmie z Poznania monstrancj\u0119 z 1898 roku, kustodi\u0119 i melchizedek, cz\u0119\u015b\u0107 koszt\u00f3w renowacji pokryli rodzice dzieci pierwszokomunijnych i rodzice m\u0142odzie\u017cy przed Bierzmowaniem. Sk\u0142adamy serdeczne B\u00f3g zap\u0142a\u0107!<\/h3>\n<h3>Zakupiono drug\u0105 tub\u0119 nag\u0142a\u015bniaj\u0105c\u0105 na Parafialn\u0105 Drog\u0119 Krzy\u017cow\u0105. Ofiarodawcom sk\u0142adamy serdeczne B\u00f3g zap\u0142a\u0107!<\/h3>\n<h3>Poddano renowacji i po\u0142o\u017ceniu polichromii \u2013 na drewnian\u0105 figur\u0119 Zmartwychwsta\u0142ego Pana Jezusa. Ofiarodawcom sk\u0142adamy serdeczne B\u00f3g zap\u0142a\u0107!<\/h3>\n<h3>Zosta\u0142 wydrukowany \u015bpiewnik na Nabo\u017ce\u0144stwo Parafialnej Drogi Krzy\u017cowej. Zaanga\u017cowanym w t\u0105 prac\u0119 serdecznie dzi\u0119kujemy. B\u00f3g zap\u0142a\u0107!<\/h3>\n<h3>W przysz\u0142\u0105 niedziel\u0119 \u2013 <strong>Niedziela Mi\u0142osierdzia Bo\u017cego<\/strong>. <strong>Odpust w ko\u015bciele filialnym w Mymoniu o godz. 11.45 Koronka do Bo\u017cego Mi\u0142osierdzia, a o godz. 12.00 Msza \u015bw. odpustowa<\/strong>. Msza \u015bw. w Por\u0119bach b\u0119dzie odprawiona o godz. 10.00. <u>Po Mszach \u015bw. zbi\u00f3rka do puszki na potrzeby Caritas.<\/u><\/h3>\n","protected":false},"excerpt":{"rendered":"<p>Uroczysto\u015b\u0107 Zmartwychwstania Pa\u0144skiego 20.04.2025r. WIELKANOC &#8211; Rezurekcja o godz. 6.00. Pozosta\u0142e Msze \u015bw. w Besku: 9.15, 11.00, 16.00 bez Nieszpor\u00f3w. Msza \u015bw. z procesj\u0105 eucharystyczn\u0105 w Mymoniu o godz. 9.00, a w Por\u0119bach o godz. 10.30. \u00a0Od Wielkiego Pi\u0105tku rozpocz\u0119\u0142a si\u0119 Nowenna przed uroczysto\u015bci\u0105 Bo\u017cego Mi\u0142osierdzia, odprawiana jest codziennie przed<span class=\"more-link\"><a href=\"https:\/\/parafiabesko.pl\/?p=11060\">Czytaj wi\u0119cej<\/a><\/span><\/p>\n","protected":false},"author":1,"featured_media":0,"comment_status":"closed","ping_status":"open","sticky":false,"template":"","format":"standard","meta":{"footnotes":""},"categories":[7],"tags":[],"class_list":["entry","author-adminparafiibesko","post-11060","post","type-post","status-publish","format-standard","category-ogloszenia-parafialne"],"_links":{"self":[{"href":"https:\/\/parafiabesko.pl\/index.php?rest_route=\/wp\/v2\/posts\/11060","targetHints":{"allow":["GET"]}}],"collection":[{"href":"https:\/\/parafiabesko.pl\/index.php?rest_route=\/wp\/v2\/posts"}],"about":[{"href":"https:\/\/parafiabesko.pl\/index.php?rest_route=\/wp\/v2\/types\/post"}],"author":[{"embeddable":true,"href":"https:\/\/parafiabesko.pl\/index.php?rest_route=\/wp\/v2\/users\/1"}],"replies":[{"embeddable":true,"href":"https:\/\/parafiabesko.pl\/index.php?rest_route=%2Fwp%2Fv2%2Fcomments&post=11060"}],"version-history":[{"count":0,"href":"https:\/\/parafiabesko.pl\/index.php?rest_route=\/wp\/v2\/posts\/11060\/revisions"}],"wp:attachment":[{"href":"https:\/\/parafiabesko.pl\/index.php?rest_route=%2Fwp%2Fv2%2Fmedia&parent=11060"}],"wp:term":[{"taxonomy":"category","embeddable":true,"href":"https:\/\/parafiabesko.pl\/index.php?rest_route=%2Fwp%2Fv2%2Fcategories&post=11060"},{"taxonomy":"post_tag","embeddable":true,"href":"https:\/\/parafiabesko.pl\/index.php?rest_route=%2Fwp%2Fv2%2Ftags&post=11060"}],"curies":[{"name":"wp","href":"https:\/\/api.w.org\/{rel}","templated":true}]}}