{"id":11058,"date":"2025-04-19T07:05:14","date_gmt":"2025-04-19T07:05:14","guid":{"rendered":"https:\/\/parafiabesko.pl\/?p=11058"},"modified":"2025-04-19T07:05:14","modified_gmt":"2025-04-19T07:05:14","slug":"intencje-mszalne-21-27-04-2025r","status":"publish","type":"post","link":"https:\/\/parafiabesko.pl\/?p=11058","title":{"rendered":"Intencje mszalne 21-27.04.2025r."},"content":{"rendered":"<table border=\"\">\n<tbody>\n<tr>\n<td colspan=\"3\" width=\"695\">\n<h3 style=\"text-align: center;\"><strong>AD 2025<\/strong><\/h3>\n<h3 style=\"text-align: center;\"><strong>Oktawa Wielkanocna<\/strong><\/h3>\n<h3 style=\"text-align: center;\"><strong>21-27.04.2025r.<\/strong><\/h3>\n<\/td>\n<\/tr>\n<tr>\n<td rowspan=\"4\" width=\"166\">\n<h3><strong>Poniedzia\u0142ek<\/strong><\/h3>\n<h3><strong>Wielkanocny<\/strong><\/h3>\n<h3><strong>21.04.2025r.<\/strong><\/h3>\n<h3><\/h3>\n<\/td>\n<td width=\"71\">\n<h3><strong>7.30<\/strong><\/h3>\n<\/td>\n<td width=\"457\">\n<h3>+Janina, Antoni<\/h3>\n<\/td>\n<\/tr>\n<tr>\n<td width=\"71\">\n<h3><strong>9.15<\/strong><\/h3>\n<\/td>\n<td width=\"457\">\n<h3>+Roman Mermer<\/h3>\n<\/td>\n<\/tr>\n<tr>\n<td width=\"71\">\n<h3><strong>11.00<\/strong><\/h3>\n<\/td>\n<td width=\"457\">\n<h3>+Tadeusz Nycz<\/h3>\n<\/td>\n<\/tr>\n<tr>\n<td width=\"71\">\n<h3><strong>16.00<\/strong><\/h3>\n<\/td>\n<td width=\"457\">\n<h3>+Maria Czech of. c\u00f3rki z rodzinami<\/h3>\n<\/td>\n<\/tr>\n<tr>\n<td rowspan=\"2\" width=\"166\">\n<h3><strong>Wtorek<\/strong><\/h3>\n<h3><strong>22.04.2025r.<\/strong><\/h3>\n<h3><strong>\u00a0<\/strong><\/h3>\n<h3><\/h3>\n<\/td>\n<td width=\"71\">\n<h3><strong>7.00<\/strong><\/h3>\n<\/td>\n<td width=\"457\">\n<h3>+Sandra<\/h3>\n<\/td>\n<\/tr>\n<tr>\n<td width=\"71\">\n<h3><strong>18.00<\/strong><\/h3>\n<\/td>\n<td width=\"457\">\n<h3>1. +Ewelina Nowak \/25 r. \u015bm.\/<\/h3>\n<h3>2. +Stanis\u0142aw, J\u00f3zef\u0119, Jan, J\u00f3zef, Tomasz Bury \/poza Parafi\u0105\/<\/h3>\n<\/td>\n<\/tr>\n<tr>\n<td rowspan=\"2\" width=\"166\">\n<h3><strong>\u015aroda<\/strong><\/h3>\n<h3><strong>23.04.2025r.<\/strong><\/h3>\n<h3><strong>\u00a0<\/strong><\/h3>\n<h3><strong>\u00a0<\/strong><\/h3>\n<\/td>\n<td width=\"71\">\n<h3><strong>7.00<\/strong><\/h3>\n<\/td>\n<td width=\"457\">\n<h3>+J\u00f3zef Wr\u00f3bel of. rodzina Fedyn<\/h3>\n<\/td>\n<\/tr>\n<tr>\n<td width=\"71\">\n<h3><strong>18.00<\/strong><\/h3>\n<\/td>\n<td width=\"457\">\n<h3>1. +Jerzy Wais<\/h3>\n<h3>2. +Karolina, Jan Stanis\u0142aw \/poza Parafi\u0105\/<\/h3>\n<\/td>\n<\/tr>\n<tr>\n<td rowspan=\"2\" width=\"166\">\n<h3><strong>Czwartek<\/strong><\/h3>\n<h3><strong>24.04.2025r.<\/strong><\/h3>\n<h3><strong>\u00a0<\/strong><\/h3>\n<h3><\/h3>\n<\/td>\n<td width=\"71\">\n<h3><strong>7.00<\/strong><\/h3>\n<\/td>\n<td width=\"457\">\n<h3>+Marek Boco\u0144 of. rodzice i brat<\/h3>\n<\/td>\n<\/tr>\n<tr>\n<td width=\"71\">\n<h3><strong>18.00<\/strong><\/h3>\n<\/td>\n<td width=\"457\">\n<h3>1. +Aniela, Franciszek Nycz<\/h3>\n<h3>2. \u2013Dzi\u0119kczynna w 85 r. urodzin W\u0142adys\u0142awa z pro\u015bb\u0105 o zdrowie i opiek\u0119 Bo\u017c\u0105 \/poza Parafi\u0105\/<\/h3>\n<\/td>\n<\/tr>\n<tr>\n<td rowspan=\"2\" width=\"166\">\n<h3><strong>Pi\u0105tek<\/strong><\/h3>\n<h3><strong>25.04.2025r.<\/strong><\/h3>\n<h3><strong>\u00a0<\/strong><\/h3>\n<h3><\/h3>\n<\/td>\n<td width=\"71\">\n<h3><strong>7.00<\/strong><\/h3>\n<\/td>\n<td width=\"457\">\n<h3>+J\u00f3zef Kwiatkowski of. \u017cona<\/h3>\n<\/td>\n<\/tr>\n<tr>\n<td width=\"71\">\n<h3><strong>18.00<\/strong><\/h3>\n<\/td>\n<td width=\"457\">\n<h3>1. \u2013Dzi\u0119kczynna w 50 r. \u015blubu Genowefy i Tadeusza z pro\u015bb\u0105 o opiek\u0119 Bo\u017c\u0105 dla rodziny<\/h3>\n<h3>2. +Antoni, Stanis\u0142aw, Robert Mikosz \/poza Parafi\u0105\/<\/h3>\n<\/td>\n<\/tr>\n<tr>\n<td rowspan=\"2\" width=\"166\">\n<h3><strong>Sobota<\/strong><\/h3>\n<h3><strong>25.04.2025r.<\/strong><\/h3>\n<h3><strong>\u00a0<\/strong><\/h3>\n<h3><\/h3>\n<\/td>\n<td width=\"71\">\n<h3><strong>7.00<\/strong><\/h3>\n<\/td>\n<td width=\"457\">\n<h3>+J\u00f3zef\u0119 Zubik of. dzieci<\/h3>\n<\/td>\n<\/tr>\n<tr>\n<td width=\"71\">\n<h3><strong>18.00<\/strong><\/h3>\n<\/td>\n<td width=\"457\">\n<h3>+Kazimierz, J\u00f3zef\u0119 Czech<\/h3>\n<\/td>\n<\/tr>\n<tr>\n<td rowspan=\"4\" width=\"166\">\n<h3><strong>Niedziela<\/strong><\/h3>\n<h3><strong>Mi\u0142osierdzia <\/strong><\/h3>\n<h3><strong>Bo\u017cego<\/strong><\/h3>\n<h3><strong>27.04.2025r.<\/strong><\/h3>\n<h3><strong>\u00a0<\/strong><\/h3>\n<h3><\/h3>\n<\/td>\n<td width=\"71\">\n<h3><strong>7.30<\/strong><\/h3>\n<\/td>\n<td width=\"457\">\n<h3>+Stanis\u0142aw Kasperkowicz \/22 r. \u015bm.\/<\/h3>\n<\/td>\n<\/tr>\n<tr>\n<td width=\"71\">\n<h3><strong>9.15<\/strong><\/h3>\n<\/td>\n<td width=\"457\">\n<h3>+Janina, Micha\u0142, Andrzej<\/h3>\n<\/td>\n<\/tr>\n<tr>\n<td width=\"71\">\n<h3><strong>11.00<\/strong><\/h3>\n<\/td>\n<td width=\"457\">\n<h3><strong>Za Parafian<\/strong><\/h3>\n<\/td>\n<\/tr>\n<tr>\n<td width=\"71\">\n<h3><strong>16.30<\/strong><\/h3>\n<\/td>\n<td width=\"457\">\n<h3>-W intencji Panu Bogu wiadomej<\/h3>\n<\/td>\n<\/tr>\n<\/tbody>\n<\/table>\n","protected":false},"excerpt":{"rendered":"<p>AD 2025 Oktawa Wielkanocna 21-27.04.2025r. Poniedzia\u0142ek Wielkanocny 21.04.2025r. 7.30 +Janina, Antoni 9.15 +Roman Mermer 11.00 +Tadeusz Nycz 16.00 +Maria Czech of. c\u00f3rki z rodzinami Wtorek 22.04.2025r. \u00a0 7.00 +Sandra 18.00 1. +Ewelina Nowak \/25 r. \u015bm.\/ 2. +Stanis\u0142aw, J\u00f3zef\u0119, Jan, J\u00f3zef, Tomasz Bury \/poza Parafi\u0105\/ \u015aroda 23.04.2025r. \u00a0 \u00a0 7.00<span class=\"more-link\"><a href=\"https:\/\/parafiabesko.pl\/?p=11058\">Czytaj wi\u0119cej<\/a><\/span><\/p>\n","protected":false},"author":1,"featured_media":0,"comment_status":"closed","ping_status":"open","sticky":false,"template":"","format":"standard","meta":{"footnotes":""},"categories":[4],"tags":[],"class_list":["entry","author-adminparafiibesko","post-11058","post","type-post","status-publish","format-standard","category-intencje-mszalne"],"_links":{"self":[{"href":"https:\/\/parafiabesko.pl\/index.php?rest_route=\/wp\/v2\/posts\/11058","targetHints":{"allow":["GET"]}}],"collection":[{"href":"https:\/\/parafiabesko.pl\/index.php?rest_route=\/wp\/v2\/posts"}],"about":[{"href":"https:\/\/parafiabesko.pl\/index.php?rest_route=\/wp\/v2\/types\/post"}],"author":[{"embeddable":true,"href":"https:\/\/parafiabesko.pl\/index.php?rest_route=\/wp\/v2\/users\/1"}],"replies":[{"embeddable":true,"href":"https:\/\/parafiabesko.pl\/index.php?rest_route=%2Fwp%2Fv2%2Fcomments&post=11058"}],"version-history":[{"count":0,"href":"https:\/\/parafiabesko.pl\/index.php?rest_route=\/wp\/v2\/posts\/11058\/revisions"}],"wp:attachment":[{"href":"https:\/\/parafiabesko.pl\/index.php?rest_route=%2Fwp%2Fv2%2Fmedia&parent=11058"}],"wp:term":[{"taxonomy":"category","embeddable":true,"href":"https:\/\/parafiabesko.pl\/index.php?rest_route=%2Fwp%2Fv2%2Fcategories&post=11058"},{"taxonomy":"post_tag","embeddable":true,"href":"https:\/\/parafiabesko.pl\/index.php?rest_route=%2Fwp%2Fv2%2Ftags&post=11058"}],"curies":[{"name":"wp","href":"https:\/\/api.w.org\/{rel}","templated":true}]}}