{"id":11036,"date":"2025-04-11T17:38:23","date_gmt":"2025-04-11T17:38:23","guid":{"rendered":"https:\/\/parafiabesko.pl\/?p=11036"},"modified":"2025-04-11T17:38:23","modified_gmt":"2025-04-11T17:38:23","slug":"porzadek-adoracji-w-triduum-sacrum-w-parafii-besko","status":"publish","type":"post","link":"https:\/\/parafiabesko.pl\/?p=11036","title":{"rendered":"PORZ\u0104DEK ADORACJI W TRIDUUM SACRUM w  Parafii Besko"},"content":{"rendered":"<h1 style=\"text-align: center;\"><strong>\u00a0<\/strong><strong>PORZ\u0104DEK ADORACJI W TRIDUUM SACRUM<\/strong><\/h1>\n<h1 style=\"text-align: center;\"><strong>w\u00a0 Parafii Besko<\/strong><\/h1>\n<h3><strong>\u00a0<\/strong><\/h3>\n<h3><strong><u>WIELKI\u00a0 CZWARTEK<\/u><\/strong><\/h3>\n<h3><strong>Godziny adoracji:<\/strong><\/h3>\n<h3><strong>20.00 &#8211; 21.00-Akcja Katolicka<\/strong><\/h3>\n<h3><strong>21.00 \u201322.00-MB Bolesna-Anna Sza\u0142ankiewicz<\/strong><\/h3>\n<h3><strong>22.00 \u201323.00-Wsp\u00f3lnota Matki S\u0142owa, KSM, m\u0142odzie\u017c Parafii<\/strong><\/h3>\n<h3><strong>\u00a0<\/strong><\/h3>\n<h3><strong><u>WIELKI \u00a0PI\u0104TEK<\/u><\/strong><\/h3>\n<h3><strong>\u00a07.00 &#8211; 8.00-B\u0142og. Matka Teresa-Kazimiera Kasperkowicz<\/strong><\/h3>\n<h3><strong>\u00a08.00 &#8211; 9.00-MB Gromniczna-Zofia Rzo\u0144ca<\/strong><\/h3>\n<h3><strong>\u00a09.00 \u2013 10.00-MB Rodziciela-Helena Kuzian<\/strong><\/h3>\n<h3><strong>10.00 \u2013 11.00-MB Nieustaj\u0105cej Pomocy-Marta Kaczor<\/strong><\/h3>\n<h3><strong>11.00 \u2013 12.00-NMP Cz\u0119stochowska-Helena Folcik<\/strong><\/h3>\n<h3><strong>12.00 \u2013 13.00-NMP Kr\u00f3lowa Polski-Krystyna Szajna<\/strong><\/h3>\n<h3><strong>13.00 \u2013 14.00-NMP Matka Ko\u015bcio\u0142a-Stanis\u0142awa Strachocka<\/strong><\/h3>\n<h3><strong>14.00 \u2013 15.00-NMP Matka Mi\u0142osierdzia-Teresa Marchel<\/strong><\/h3>\n<h3><strong>\u00a0<\/strong><strong><u>15.00 Parafialna Droga krzy\u017cowa<\/u><\/strong><\/h3>\n<h3><strong>15.00 \u2013 16.00-Zwiastowanie NMP-Maria Bacior <\/strong><\/h3>\n<h3><strong>16.00 \u2013 17.00-Niepokalane Serce NMP-Anna Szul<\/strong><\/h3>\n<h3><strong><u>Mymo\u0144<\/u><\/strong><\/h3>\n<h3><strong>17.00 \u2013 18.00-\u015bw.J\u00f3zef Sebastian Pelczar-Weronika Golonka<\/strong><\/h3>\n<h3><strong>17.00 \u2013 18.00-\u015bw.Stanis\u0142aw bp i m\u0119czennik-Ryszarda Oberc<\/strong><\/h3>\n<h3><strong>18.00 \u2013 19.00-\u015bw.Szczepan m\u0119czennik-Zofia Gierlicka<\/strong><\/h3>\n<h3><\/h3>\n<h3><strong>\u00a0<\/strong><strong><u>19.00 Liturgia Wielkiego Pi\u0105tku<\/u><\/strong><\/h3>\n<h3><\/h3>\n<h3><strong>21.00 \u2013 22.00- \u015bw. Ojciec Pio-Edward Szul<\/strong><\/h3>\n<h3><strong>22.00 \u2013 23.00-\u015bw.Andrzej Bobola-Wojciech Zubik<\/strong><\/h3>\n<h3><strong>\u00a0<\/strong><\/h3>\n<h3><strong><u>\u00a0Uczniowie<\/u><\/strong><\/h3>\n<h3><strong>\u00a0<\/strong><strong>9.00 \u2013 10.00\u00a0\u00a0\u00a0 8 klasa Szko\u0142a Podstawowa<\/strong><\/h3>\n<h3><strong>10.00 \u2013 11.00\u00a0\u00a0 7 klasa Szko\u0142a Podstawowa<\/strong><\/h3>\n<h3><strong>11.00 \u2013 12.00\u00a0\u00a0 6 klasa Szko\u0142a Podstawowa <\/strong><\/h3>\n<h3><strong>12.00 \u2013 13.00\u00a0\u00a0 5 klasa Szko\u0142a Podstawowa<\/strong><\/h3>\n<h3><strong>13.00 \u2013 14.00\u00a0\u00a0 4 klasa Szko\u0142a Podstawowa<\/strong><\/h3>\n<p>&nbsp;<\/p>\n<h3><\/h3>\n<h3><strong><u>WIELKA SOBOTA<\/u><\/strong><\/h3>\n<h3><strong>7.00 \u2013 8.00-Niepokalane Pocz\u0119cie NMP- Bronis\u0142awa Ziemia\u0144ska<\/strong><\/h3>\n<h3><strong>8.00 \u2013 9.00-Wniebowzi\u0119cie NMP-Agata \u00a0Mroczkowska<\/strong><\/h3>\n<h3><strong>9.00 \u2013 10.00-\u015bw.Anna-Janina Suwa\u0142a<\/strong><\/h3>\n<p>&nbsp;<\/p>\n<h3><strong>\u00a0<\/strong><strong><u>10.00 \u015awi\u0119cenie pokarm\u00f3w wielkanocnych w Besku<\/u><\/strong><\/h3>\n<h3><strong><u>10.00 \u015awi\u0119cenie pokarm\u00f3w wielkanocnych w Mymoniu<\/u><\/strong><\/h3>\n<h3><strong><u>11.00 \u015awi\u0119cenie pokarm\u00f3w wielkanocnych w Por\u0119bach<\/u><\/strong><\/h3>\n<p>&nbsp;<\/p>\n<h3><strong>\u00a0<\/strong><strong>11.00 \u2013 12.00-\u015bw. Jadwiga Kr\u00f3lowa-Ewa \u0106wi\u0105ka\u0142a<\/strong><\/h3>\n<h3><strong>\u00a0<\/strong><strong><u>12.00 \u00a0\u00a0\u015awi\u0119cenie pokarm\u00f3w wielkanocnych w Besku<\/u><\/strong><\/h3>\n<h3><strong>\u00a0<\/strong><\/h3>\n<h3><strong>13.00 \u2013 14.00-MB R\u00f3\u017ca\u0144cowa -Beata Hedesz<\/strong><\/h3>\n<h3><strong>14.00 \u2013 15.00-\u015bw. Maria Magdalena-Maria Rajter<\/strong><\/h3>\n<h3><strong>15.00 \u2013 16.00-\u015bw. Marta-Maria Szyndler<\/strong><\/h3>\n<h3><strong>16.00 &#8211;\u00a0 17.00-\u015bw. Siostra Faustyna-Maria Mroczkowska<\/strong><\/h3>\n<h3><strong><u>Por\u0119by<\/u><\/strong><\/h3>\n<h3><strong>17.00 \u2013 18.00-\u015bw. Barbara-Beata Zubik<\/strong><\/h3>\n<h3><strong>17.00 \u2013 18.00-\u015bw. Jan z Dukli-Maria Szybka<\/strong><\/h3>\n<h3><strong>18.00 \u2013 19.00-\u015bw. J\u00f3zef-Les\u0142aw Szul<\/strong><\/h3>\n<h3><strong>18.00 \u2013 19.00-\u015bw. Maksymilian Kolbe-Kazimiera Suwa\u0142a<\/strong><\/h3>\n<h3><strong>18.00 \u2013 19.00-\u015bw. Wojciech-Stanis\u0142awa Rymarowicz\u00a0 <\/strong><\/h3>\n<h3><strong>\u00a0<\/strong><\/h3>\n<h3><strong><u>19.00\u00a0\u00a0 Liturgia Wielkiej Soboty<\/u><\/strong><\/h3>\n<h3><strong>\u00a0<\/strong><\/h3>\n<h3><strong>21.00 \u2013 22.00-\u015bw.Jan Pawe\u0142 II-Feliks Szajna<\/strong><\/h3>\n<h3><strong>22.00 \u2013 23.00-M\u0142odzie\u017c Parafii<\/strong><\/h3>\n<h3><strong>\u00a0<\/strong><\/h3>\n<h3>\u00a0<strong><u>Uczniowie<\/u><\/strong><\/h3>\n<h3><strong>\u00a09.00 \u2013 10.00\u00a0\u00a0\u00a0 8 klasa Szko\u0142a podstawowa<\/strong><\/h3>\n<h3><strong>10.00 \u2013 11.00\u00a0\u00a0 7 klasa Szko\u0142a podstawowa<\/strong><\/h3>\n<h3><strong>11.00 \u2013 12.00\u00a0\u00a0 6 klasa Szko\u0142a Podstawowa <\/strong><\/h3>\n<h3><strong>12.00 \u2013 13.00\u00a0\u00a0 5 klasa Szko\u0142a Podstawowa<\/strong><\/h3>\n<h3><strong>13.00 \u2013 14.00\u00a0\u00a0 4 klasa Szko\u0142a Podstawowa<\/strong><\/h3>\n<h3><strong>\u00a0<\/strong><\/h3>\n<h3 style=\"text-align: center;\"><strong><em>Uwaga!<\/em><\/strong><\/h3>\n<h3 style=\"text-align: center;\">Na adoracje przychodz\u0105 mo\u017cliwie \u00a0wszyscy cz\u0142onkowie danej R\u00f3\u017cy \u017bywego R\u00f3\u017ca\u0144ca powiadomienie wcze\u015bniej przez: Zelator\u00f3w &#8211; Prze\u0142o\u017conych o godzinie rozpocz\u0119cia adoracji.<\/h3>\n<h3 style=\"text-align: center;\"><strong>Adoracje ofiarujemy w intencji pog\u0142\u0119biania wiary w naszej Parafii.<\/strong><\/h3>\n<h3 style=\"text-align: left;\"><strong>\u00a0<\/strong><\/h3>\n","protected":false},"excerpt":{"rendered":"<p>\u00a0PORZ\u0104DEK ADORACJI W TRIDUUM SACRUM w\u00a0 Parafii Besko \u00a0 WIELKI\u00a0 CZWARTEK Godziny adoracji: 20.00 &#8211; 21.00-Akcja Katolicka 21.00 \u201322.00-MB Bolesna-Anna Sza\u0142ankiewicz 22.00 \u201323.00-Wsp\u00f3lnota Matki S\u0142owa, KSM, m\u0142odzie\u017c Parafii \u00a0 WIELKI \u00a0PI\u0104TEK \u00a07.00 &#8211; 8.00-B\u0142og. Matka Teresa-Kazimiera Kasperkowicz \u00a08.00 &#8211; 9.00-MB Gromniczna-Zofia Rzo\u0144ca \u00a09.00 \u2013 10.00-MB Rodziciela-Helena Kuzian 10.00 \u2013 11.00-MB<span class=\"more-link\"><a href=\"https:\/\/parafiabesko.pl\/?p=11036\">Czytaj wi\u0119cej<\/a><\/span><\/p>\n","protected":false},"author":1,"featured_media":0,"comment_status":"closed","ping_status":"open","sticky":false,"template":"","format":"standard","meta":{"footnotes":""},"categories":[7],"tags":[],"class_list":["entry","author-adminparafiibesko","post-11036","post","type-post","status-publish","format-standard","category-ogloszenia-parafialne"],"_links":{"self":[{"href":"https:\/\/parafiabesko.pl\/index.php?rest_route=\/wp\/v2\/posts\/11036","targetHints":{"allow":["GET"]}}],"collection":[{"href":"https:\/\/parafiabesko.pl\/index.php?rest_route=\/wp\/v2\/posts"}],"about":[{"href":"https:\/\/parafiabesko.pl\/index.php?rest_route=\/wp\/v2\/types\/post"}],"author":[{"embeddable":true,"href":"https:\/\/parafiabesko.pl\/index.php?rest_route=\/wp\/v2\/users\/1"}],"replies":[{"embeddable":true,"href":"https:\/\/parafiabesko.pl\/index.php?rest_route=%2Fwp%2Fv2%2Fcomments&post=11036"}],"version-history":[{"count":0,"href":"https:\/\/parafiabesko.pl\/index.php?rest_route=\/wp\/v2\/posts\/11036\/revisions"}],"wp:attachment":[{"href":"https:\/\/parafiabesko.pl\/index.php?rest_route=%2Fwp%2Fv2%2Fmedia&parent=11036"}],"wp:term":[{"taxonomy":"category","embeddable":true,"href":"https:\/\/parafiabesko.pl\/index.php?rest_route=%2Fwp%2Fv2%2Fcategories&post=11036"},{"taxonomy":"post_tag","embeddable":true,"href":"https:\/\/parafiabesko.pl\/index.php?rest_route=%2Fwp%2Fv2%2Ftags&post=11036"}],"curies":[{"name":"wp","href":"https:\/\/api.w.org\/{rel}","templated":true}]}}